{"id":103123,"date":"2024-09-17T10:25:05","date_gmt":"2024-09-17T08:25:05","guid":{"rendered":"https:\/\/shiatsuverband.ch\/?p=103123"},"modified":"2025-02-20T14:26:52","modified_gmt":"2025-02-20T13:26:52","slug":"emerging-adulthood-la-phase-entre-ladolescence-et-lage-adulte","status":"publish","type":"post","link":"https:\/\/shiatsuverband.ch\/fr\/emerging-adulthood-la-phase-entre-ladolescence-et-lage-adulte\/","title":{"rendered":"Emerging Adulthood : la phase entre l&rsquo;adolescence et l&rsquo;\u00e2ge adulte"},"content":{"rendered":"\n<style type=\"text\/css\" data-created_by=\"avia_inline_auto\" id=\"style-css-av-k0f7b5nc-e3c5082ece017ada512c0c0c38a27fce\">\n.avia-image-container.av-k0f7b5nc-e3c5082ece017ada512c0c0c38a27fce img.avia_image{\nbox-shadow:none;\n}\n.avia-image-container.av-k0f7b5nc-e3c5082ece017ada512c0c0c38a27fce .av-image-caption-overlay-center{\ncolor:#ffffff;\n}\n<\/style>\n<div  class='avia-image-container av-k0f7b5nc-e3c5082ece017ada512c0c0c38a27fce av-styling- avia-align-center  avia-builder-el-0  el_before_av_textblock  avia-builder-el-first '   itemprop=\"image\" itemscope=\"itemscope\" itemtype=\"https:\/\/schema.org\/ImageObject\" ><div class=\"avia-image-container-inner\"><div class=\"avia-image-overlay-wrap\"><img decoding=\"async\" fetchpriority=\"high\" class='wp-image-103380 avia-img-lazy-loading-not-103380 avia_image ' src=\"https:\/\/shiatsuverband.ch\/wp-content\/uploads\/2024\/10\/Emerging_Adulthood-1500x518.jpg\" alt='' title='Vorlage_Hintergrund_Blog'  height=\"518\" width=\"1500\"  itemprop=\"thumbnailUrl\" srcset=\"https:\/\/shiatsuverband.ch\/wp-content\/uploads\/2024\/10\/Emerging_Adulthood-1500x518.jpg 1500w, https:\/\/shiatsuverband.ch\/wp-content\/uploads\/2024\/10\/Emerging_Adulthood-300x104.jpg 300w, https:\/\/shiatsuverband.ch\/wp-content\/uploads\/2024\/10\/Emerging_Adulthood-1030x355.jpg 1030w, https:\/\/shiatsuverband.ch\/wp-content\/uploads\/2024\/10\/Emerging_Adulthood-768x265.jpg 768w, https:\/\/shiatsuverband.ch\/wp-content\/uploads\/2024\/10\/Emerging_Adulthood-1536x530.jpg 1536w, https:\/\/shiatsuverband.ch\/wp-content\/uploads\/2024\/10\/Emerging_Adulthood-705x243.jpg 705w, https:\/\/shiatsuverband.ch\/wp-content\/uploads\/2024\/10\/Emerging_Adulthood.jpg 1600w\" sizes=\"(max-width: 1500px) 100vw, 1500px\" \/><\/div><\/div><\/div>\n<section  class='av_textblock_section av-k0f7brzh-b51e81da6c09553e95671d8be8d0b85f '   itemscope=\"itemscope\" itemtype=\"https:\/\/schema.org\/BlogPosting\" itemprop=\"blogPost\" ><div class='avia_textblock'  itemprop=\"text\" ><h1>Emerging Adulthood : la phase entre l&rsquo;adolescence et l&rsquo;\u00e2ge adulte<\/h1>\n<p>Dans la soci\u00e9t\u00e9 actuelle, les jeunes vivent une p\u00e9riode appel\u00e9e \u00ab Emerging Adulthood \u00bb. Ce terme d\u00e9crit la p\u00e9riode entre la fin de l&rsquo;adolescence et l&rsquo;entr\u00e9e dans l&rsquo;\u00e2ge adulte. Durant cette phase, les jeunes traversent de multiples transformations et d\u00e9fis qui fa\u00e7onnent leur vie et forgent leur identit\u00e9.<\/p>\n<p><strong>D\u00e9finition et caract\u00e9ristiques<\/strong><\/p>\n<p><em>\u00ab\u00a0Emerging Adulthood\u00a0\u00bb <\/em>est un concept qui a \u00e9t\u00e9 invent\u00e9 pour la premi\u00e8re fois \u00e0 la fin des ann\u00e9es 1990 par le psychologue Jeffrey Arnett<sup>1<\/sup>. Il d\u00e9crit une phase de d\u00e9veloppement sp\u00e9cifique qui se situe entre la 18e et la 25e ann\u00e9e de la vie. Pendant cette p\u00e9riode, les jeunes se trouvent dans une phase de transition marqu\u00e9e par l&rsquo;incertitude, l&rsquo;exploration et la d\u00e9couverte de soi.<\/p>\n<p>Une caract\u00e9ristique centrale est la recherche d&rsquo;autonomie et d&rsquo;identit\u00e9. Durant cette phase, les jeunes se d\u00e9tachent de plus en plus de l&rsquo;influence parentale et cherchent leur propre voie dans la vie. Cela peut se manifester dans le choix des \u00e9tudes, de la profession ou des relations personnelles. En m\u00eame temps, ils ne sont souvent pas encore totalement ind\u00e9pendants et doivent apprendre \u00e0 g\u00e9rer les d\u00e9fis li\u00e9s \u00e0 leur (in-)d\u00e9pendance financi\u00e8re et \u00e0 la responsabilit\u00e9 par rapport \u00e0 leur propre vie.<\/p>\n<p>Il est \u00e9galement important d&rsquo;explorer diff\u00e9rentes possibilit\u00e9s. Les jeunes profitent de cette p\u00e9riode pour essayer diff\u00e9rentes voies et explorer leurs int\u00e9r\u00eats et capacit\u00e9s. Cela peut signifier qu&rsquo;ils explorent diff\u00e9rents emplois, se lancent dans de nouveaux loisirs ou s&rsquo;engagent dans diff\u00e9rents groupes sociaux. Cette phase de d\u00e9couverte est cruciale pour le d\u00e9veloppement personnel.<\/p>\n<p><strong>Le sentiment d&rsquo;auto-efficacit\u00e9 et son importance<\/strong><\/p>\n<p>Le sentiment d&rsquo;auto-efficacit\u00e9 consiste en la confiance d&rsquo;une personne en sa capacit\u00e9 d&rsquo;accomplir avec succ\u00e8s les actions souhait\u00e9es sur la base de ses propres comp\u00e9tences. C&rsquo;est un concept cl\u00e9 dans l&rsquo;autor\u00e9gulation et il joue un r\u00f4le d\u00e9cisif dans la sant\u00e9 mentale ainsi que dans la motivation \u00e0 faire r\u00e9guli\u00e8rement de l&rsquo;exercice et \u00e0 se nourrir de mani\u00e8re \u00e9quilibr\u00e9e.<\/p>\n<p>Des \u00e9tudes montrent que les jeunes de 16 \u00e0 25 ans ont un niveau d&rsquo;auto-efficacit\u00e9 plus faible que l&rsquo;ensemble de la population<sup>2<\/sup>. Ce groupe est souvent moins convaincu de pouvoir relever des d\u00e9fis, que ce soit dans le domaine professionnel, social ou personnel. Cette auto-efficacit\u00e9 plus faible peut avoir un impact n\u00e9gatif sur leur sant\u00e9 mentale et les rendre moins motiv\u00e9s \u00e0 prendre soin de leur sant\u00e9 physique.<\/p>\n<p><strong>Effets sur la sant\u00e9 mentale et physique<\/strong><\/p>\n<p>Les probl\u00e8mes de sant\u00e9 tels que la d\u00e9pression, l&rsquo;anxi\u00e9t\u00e9 et le stress sont fr\u00e9quents chez les jeunes adultes durant cette phase. Le sentiment d&rsquo;\u00eatre d\u00e9pass\u00e9 et l&rsquo;incertitude quant \u00e0 l&rsquo;avenir peuvent entra\u00eener un risque accru de troubles psychiques.<\/p>\n<p>En outre, un sentiment d&rsquo;auto-efficacit\u00e9 moindre peut \u00e9galement nuire \u00e0 la sant\u00e9 physique. Souvent, les jeunes adultes ayant un faible sentiment d&rsquo;auto-efficacit\u00e9 font moins de sport et ne se nourrissent pas de mani\u00e8re \u00e9quilibr\u00e9e. \u00c0 long terme, cela entra\u00eene un risque accru de maladies chroniques telles que l&rsquo;ob\u00e9sit\u00e9, le diab\u00e8te et les maladies cardio-vasculaires.<\/p>\n<p><strong>Renforcement de l&rsquo;auto-efficacit\u00e9<\/strong><\/p>\n<p>Dans la th\u00e9rapie compl\u00e9mentaire, l&rsquo;accent est mis sur l&rsquo;individu et son c\u00f4t\u00e9 sain. Ce ne sont pas les d\u00e9ficits, mais les ressources personnelles qui sont au centre de l\u2019attention au Shiatsu. L&rsquo;effet des traitements de Shiatsu peut se manifester sur le plan physique, \u00e9motionnel et mental. Dans une \u00e9tude men\u00e9e en 2018, les client-e-s ont d\u00e9clar\u00e9 que le Shiatsu les aidait \u00e0 se recentrer et \u00e0 mieux ressentir leur propre corps et leurs besoins. Dans de nombreux cas, cela avait conduit \u00e0 une nette am\u00e9lioration de l&rsquo;attention port\u00e9e \u00e0 soi et de l&rsquo;auto-efficacit\u00e9, souvent au-del\u00e0 de la p\u00e9riode de traitement<sup>3<\/sup>.<\/p>\n<p>Les personnes font ainsi l&rsquo;exp\u00e9rience de l&rsquo;auto-efficacit\u00e9 dans le cadre de la th\u00e9rapie, ce qui renforce la confiance en soi et dans les processus physiques et psychiques internes.<\/p>\n<p>Un environnement social favorable offre un soutien aux jeunes adultes et les aide \u00e0 r\u00e9aliser leur plein potentiel. La famille, les ami-e-s, les enseignant-e-s et les mentor-e-s peuvent jouer un r\u00f4le important dans la consolidation de la confiance en soi et de l&rsquo;auto-efficacit\u00e9 des jeunes et les accompagner sur le chemin de l&rsquo;autonomie.<\/p>\n<p>Gr\u00e2ce \u00e0 un renforcement de l&rsquo;auto-efficacit\u00e9 et \u00e0 un environnement social favorable, les jeunes peuvent \u00eatre capables de traverser avec succ\u00e8s la phase de l&rsquo;Emerging Adulthood et de devenir des adultes confiant-e-s et autonomes.<\/p>\n<p>Texte: Anita Oswald<\/p>\n<p><strong>Sources :<br \/>\n<\/strong><sup>1<\/sup> <a href=\"https:\/\/www.apa.org\/monitor\/jun06\/emerging\">https:\/\/www.apa.org\/monitor\/jun06\/emerging<\/a><br \/>\n<sup>2<\/sup> <a href=\"https:\/\/promotionsante.ch\/programmes-daction-cantonaux\/themes-et-publications\/themes\/promotion-de-la-sante-pour-et-avec-les%20adolescent-e-s-et-les-jeunes-adultes\">https:\/\/promotionsante.ch\/programmes-daction-cantonaux\/themes-et-publications\/themes\/promotion-de-la-sante-pour-et-avec-les%20adolescent-e-s-et-les-jeunes-adultes<\/a><br \/>\n<sup>3<\/sup>\u00a0<a href=\"https:\/\/www.shiatsu-gsd.de\/wp-content\/uploads\/2020\/03\/ergebnisbericht-shiatsu-achtsamkeit-18-06-22.pdf\">https:\/\/www.shiatsu-gsd.de\/wp-content\/uploads\/2020\/03\/ergebnisbericht-shiatsu-achtsamkeit-18-06-22.pdf<\/a><\/p>\n<\/div><\/section>\n","protected":false},"excerpt":{"rendered":"<p>\u00ab Emerging Adulthood \u00bb est un concept qui a \u00e9t\u00e9 invent\u00e9 pour la premi\u00e8re fois \u00e0 la fin des ann\u00e9es 1990 par le psychologue Jeffrey Arnett1. Il d\u00e9crit une phase de d\u00e9veloppement sp\u00e9cifique qui se situe entre la 18e et la 25e ann\u00e9e de la vie.<\/p>\n","protected":false},"author":11,"featured_media":103380,"comment_status":"closed","ping_status":"closed","sticky":false,"template":"","format":"standard","meta":{"_acf_changed":false,"_monsterinsights_skip_tracking":false,"_monsterinsights_sitenote_active":false,"_monsterinsights_sitenote_note":"","_monsterinsights_sitenote_category":0,"footnotes":""},"categories":[20],"tags":[],"class_list":["post-103123","post","type-post","status-publish","format-standard","has-post-thumbnail","hentry","category-pratique"],"acf":[],"yoast_head":"<!-- This site is optimized with the Yoast SEO plugin v27.4 - https:\/\/yoast.com\/product\/yoast-seo-wordpress\/ -->\n<title>Emerging Adulthood : la phase entre l&#039;adolescence et l&#039;\u00e2ge adulte - Shiatsu Gesellschaft Schweiz<\/title>\n<meta name=\"description\" content=\"\u00ab Emerging Adulthood \u00bb est un concept qui a \u00e9t\u00e9 invent\u00e9 pour la premi\u00e8re fois \u00e0 la fin des ann\u00e9es 1990 par le psychologue Jeffrey Arnett1. Il d\u00e9crit une phase de d\u00e9veloppement sp\u00e9cifique qui se situe entre la 18e et la 25e ann\u00e9e de la vie.\" \/>\n<meta name=\"robots\" content=\"index, follow, max-snippet:-1, max-image-preview:large, max-video-preview:-1\" \/>\n<link rel=\"canonical\" href=\"https:\/\/shiatsuverband.ch\/fr\/emerging-adulthood-la-phase-entre-ladolescence-et-lage-adulte\/\" \/>\n<meta property=\"og:locale\" content=\"fr_FR\" \/>\n<meta property=\"og:type\" content=\"article\" \/>\n<meta property=\"og:title\" content=\"Emerging Adulthood : la phase entre l&#039;adolescence et l&#039;\u00e2ge adulte - Shiatsu Gesellschaft Schweiz\" \/>\n<meta property=\"og:description\" content=\"\u00ab Emerging Adulthood \u00bb est un concept qui a \u00e9t\u00e9 invent\u00e9 pour la premi\u00e8re fois \u00e0 la fin des ann\u00e9es 1990 par le psychologue Jeffrey Arnett1. Il d\u00e9crit une phase de d\u00e9veloppement sp\u00e9cifique qui se situe entre la 18e et la 25e ann\u00e9e de la vie.\" \/>\n<meta property=\"og:url\" content=\"https:\/\/shiatsuverband.ch\/fr\/emerging-adulthood-la-phase-entre-ladolescence-et-lage-adulte\/\" \/>\n<meta property=\"og:site_name\" content=\"Shiatsu Gesellschaft Schweiz\" \/>\n<meta property=\"article:publisher\" content=\"https:\/\/www.facebook.com\/shiatsugesellschaftschweiz\" \/>\n<meta property=\"article:published_time\" content=\"2024-09-17T08:25:05+00:00\" \/>\n<meta property=\"article:modified_time\" content=\"2025-02-20T13:26:52+00:00\" \/>\n<meta property=\"og:image\" content=\"https:\/\/shiatsuverband.ch\/wp-content\/uploads\/2024\/10\/Emerging_Adulthood.jpg\" \/>\n\t<meta property=\"og:image:width\" content=\"1600\" \/>\n\t<meta property=\"og:image:height\" content=\"552\" \/>\n\t<meta property=\"og:image:type\" content=\"image\/jpeg\" \/>\n<meta name=\"author\" content=\"Karin Eisenbl\u00e4tter\" \/>\n<meta name=\"twitter:card\" content=\"summary_large_image\" \/>\n<meta name=\"twitter:label1\" content=\"\u00c9crit par\" \/>\n\t<meta name=\"twitter:data1\" content=\"Karin Eisenbl\u00e4tter\" \/>\n\t<meta name=\"twitter:label2\" content=\"Dur\u00e9e de lecture estim\u00e9e\" \/>\n\t<meta name=\"twitter:data2\" content=\"5 minutes\" \/>\n<script type=\"application\/ld+json\" class=\"yoast-schema-graph\">{\"@context\":\"https:\\\/\\\/schema.org\",\"@graph\":[{\"@type\":\"Article\",\"@id\":\"https:\\\/\\\/shiatsuverband.ch\\\/fr\\\/emerging-adulthood-la-phase-entre-ladolescence-et-lage-adulte\\\/#article\",\"isPartOf\":{\"@id\":\"https:\\\/\\\/shiatsuverband.ch\\\/fr\\\/emerging-adulthood-la-phase-entre-ladolescence-et-lage-adulte\\\/\"},\"author\":{\"name\":\"Karin Eisenbl\u00e4tter\",\"@id\":\"https:\\\/\\\/shiatsuverband.ch\\\/fr\\\/#\\\/schema\\\/person\\\/24e3025720d9cc3da0d27e66922d90f0\"},\"headline\":\"Emerging Adulthood : la phase entre l&rsquo;adolescence et l&rsquo;\u00e2ge adulte\",\"datePublished\":\"2024-09-17T08:25:05+00:00\",\"dateModified\":\"2025-02-20T13:26:52+00:00\",\"mainEntityOfPage\":{\"@id\":\"https:\\\/\\\/shiatsuverband.ch\\\/fr\\\/emerging-adulthood-la-phase-entre-ladolescence-et-lage-adulte\\\/\"},\"wordCount\":1191,\"publisher\":{\"@id\":\"https:\\\/\\\/shiatsuverband.ch\\\/fr\\\/#organization\"},\"image\":{\"@id\":\"https:\\\/\\\/shiatsuverband.ch\\\/fr\\\/emerging-adulthood-la-phase-entre-ladolescence-et-lage-adulte\\\/#primaryimage\"},\"thumbnailUrl\":\"https:\\\/\\\/shiatsuverband.ch\\\/wp-content\\\/uploads\\\/2024\\\/10\\\/Emerging_Adulthood.jpg\",\"articleSection\":[\"Pratique\"],\"inLanguage\":\"fr-FR\"},{\"@type\":\"WebPage\",\"@id\":\"https:\\\/\\\/shiatsuverband.ch\\\/fr\\\/emerging-adulthood-la-phase-entre-ladolescence-et-lage-adulte\\\/\",\"url\":\"https:\\\/\\\/shiatsuverband.ch\\\/fr\\\/emerging-adulthood-la-phase-entre-ladolescence-et-lage-adulte\\\/\",\"name\":\"Emerging Adulthood : la phase entre l'adolescence et l'\u00e2ge adulte - Shiatsu Gesellschaft Schweiz\",\"isPartOf\":{\"@id\":\"https:\\\/\\\/shiatsuverband.ch\\\/fr\\\/#website\"},\"primaryImageOfPage\":{\"@id\":\"https:\\\/\\\/shiatsuverband.ch\\\/fr\\\/emerging-adulthood-la-phase-entre-ladolescence-et-lage-adulte\\\/#primaryimage\"},\"image\":{\"@id\":\"https:\\\/\\\/shiatsuverband.ch\\\/fr\\\/emerging-adulthood-la-phase-entre-ladolescence-et-lage-adulte\\\/#primaryimage\"},\"thumbnailUrl\":\"https:\\\/\\\/shiatsuverband.ch\\\/wp-content\\\/uploads\\\/2024\\\/10\\\/Emerging_Adulthood.jpg\",\"datePublished\":\"2024-09-17T08:25:05+00:00\",\"dateModified\":\"2025-02-20T13:26:52+00:00\",\"description\":\"\u00ab Emerging Adulthood \u00bb est un concept qui a \u00e9t\u00e9 invent\u00e9 pour la premi\u00e8re fois \u00e0 la fin des ann\u00e9es 1990 par le psychologue Jeffrey Arnett1. Il d\u00e9crit une phase de d\u00e9veloppement sp\u00e9cifique qui se situe entre la 18e et la 25e ann\u00e9e de la vie.\",\"breadcrumb\":{\"@id\":\"https:\\\/\\\/shiatsuverband.ch\\\/fr\\\/emerging-adulthood-la-phase-entre-ladolescence-et-lage-adulte\\\/#breadcrumb\"},\"inLanguage\":\"fr-FR\",\"potentialAction\":[{\"@type\":\"ReadAction\",\"target\":[\"https:\\\/\\\/shiatsuverband.ch\\\/fr\\\/emerging-adulthood-la-phase-entre-ladolescence-et-lage-adulte\\\/\"]}]},{\"@type\":\"ImageObject\",\"inLanguage\":\"fr-FR\",\"@id\":\"https:\\\/\\\/shiatsuverband.ch\\\/fr\\\/emerging-adulthood-la-phase-entre-ladolescence-et-lage-adulte\\\/#primaryimage\",\"url\":\"https:\\\/\\\/shiatsuverband.ch\\\/wp-content\\\/uploads\\\/2024\\\/10\\\/Emerging_Adulthood.jpg\",\"contentUrl\":\"https:\\\/\\\/shiatsuverband.ch\\\/wp-content\\\/uploads\\\/2024\\\/10\\\/Emerging_Adulthood.jpg\",\"width\":1600,\"height\":552},{\"@type\":\"BreadcrumbList\",\"@id\":\"https:\\\/\\\/shiatsuverband.ch\\\/fr\\\/emerging-adulthood-la-phase-entre-ladolescence-et-lage-adulte\\\/#breadcrumb\",\"itemListElement\":[{\"@type\":\"ListItem\",\"position\":1,\"name\":\"Startseite\",\"item\":\"https:\\\/\\\/shiatsuverband.ch\\\/fr\\\/le-shiatsu-une-methode-de-la-therapie-complementaire\\\/\"},{\"@type\":\"ListItem\",\"position\":2,\"name\":\"Emerging Adulthood : la phase entre l&#8217;adolescence et l&#8217;\u00e2ge adulte\"}]},{\"@type\":\"WebSite\",\"@id\":\"https:\\\/\\\/shiatsuverband.ch\\\/fr\\\/#website\",\"url\":\"https:\\\/\\\/shiatsuverband.ch\\\/fr\\\/\",\"name\":\"Shiatsu Gesellschaft Schweiz\",\"description\":\"Shiatsu, eine Methode der Komplement\u00e4rTherapie\",\"publisher\":{\"@id\":\"https:\\\/\\\/shiatsuverband.ch\\\/fr\\\/#organization\"},\"potentialAction\":[{\"@type\":\"SearchAction\",\"target\":{\"@type\":\"EntryPoint\",\"urlTemplate\":\"https:\\\/\\\/shiatsuverband.ch\\\/fr\\\/?s={search_term_string}\"},\"query-input\":{\"@type\":\"PropertyValueSpecification\",\"valueRequired\":true,\"valueName\":\"search_term_string\"}}],\"inLanguage\":\"fr-FR\"},{\"@type\":\"Organization\",\"@id\":\"https:\\\/\\\/shiatsuverband.ch\\\/fr\\\/#organization\",\"name\":\"Shiatsu Gesellschaft Schweiz\",\"url\":\"https:\\\/\\\/shiatsuverband.ch\\\/fr\\\/\",\"logo\":{\"@type\":\"ImageObject\",\"inLanguage\":\"fr-FR\",\"@id\":\"https:\\\/\\\/shiatsuverband.ch\\\/fr\\\/#\\\/schema\\\/logo\\\/image\\\/\",\"url\":\"https:\\\/\\\/shiatsuverband.ch\\\/wp-content\\\/uploads\\\/2019\\\/04\\\/Shiatsuverband_Logo.png\",\"contentUrl\":\"https:\\\/\\\/shiatsuverband.ch\\\/wp-content\\\/uploads\\\/2019\\\/04\\\/Shiatsuverband_Logo.png\",\"width\":387,\"height\":130,\"caption\":\"Shiatsu Gesellschaft Schweiz\"},\"image\":{\"@id\":\"https:\\\/\\\/shiatsuverband.ch\\\/fr\\\/#\\\/schema\\\/logo\\\/image\\\/\"},\"sameAs\":[\"https:\\\/\\\/www.facebook.com\\\/shiatsugesellschaftschweiz\"]},{\"@type\":\"Person\",\"@id\":\"https:\\\/\\\/shiatsuverband.ch\\\/fr\\\/#\\\/schema\\\/person\\\/24e3025720d9cc3da0d27e66922d90f0\",\"name\":\"Karin Eisenbl\u00e4tter\",\"image\":{\"@type\":\"ImageObject\",\"inLanguage\":\"fr-FR\",\"@id\":\"https:\\\/\\\/secure.gravatar.com\\\/avatar\\\/f50ea2246a1106f868d0654915cf480dac4b6e6e2d8dc01121f8a4b6c7af5dd8?s=96&d=mm&r=g\",\"url\":\"https:\\\/\\\/secure.gravatar.com\\\/avatar\\\/f50ea2246a1106f868d0654915cf480dac4b6e6e2d8dc01121f8a4b6c7af5dd8?s=96&d=mm&r=g\",\"contentUrl\":\"https:\\\/\\\/secure.gravatar.com\\\/avatar\\\/f50ea2246a1106f868d0654915cf480dac4b6e6e2d8dc01121f8a4b6c7af5dd8?s=96&d=mm&r=g\",\"caption\":\"Karin Eisenbl\u00e4tter\"},\"url\":\"https:\\\/\\\/shiatsuverband.ch\\\/fr\\\/author\\\/k-eisenblaettershiatsuverband-ch\\\/\"}]}<\/script>\n<!-- \/ Yoast SEO plugin. -->","yoast_head_json":{"title":"Emerging Adulthood : la phase entre l'adolescence et l'\u00e2ge adulte - Shiatsu Gesellschaft Schweiz","description":"\u00ab Emerging Adulthood \u00bb est un concept qui a \u00e9t\u00e9 invent\u00e9 pour la premi\u00e8re fois \u00e0 la fin des ann\u00e9es 1990 par le psychologue Jeffrey Arnett1. Il d\u00e9crit une phase de d\u00e9veloppement sp\u00e9cifique qui se situe entre la 18e et la 25e ann\u00e9e de la vie.","robots":{"index":"index","follow":"follow","max-snippet":"max-snippet:-1","max-image-preview":"max-image-preview:large","max-video-preview":"max-video-preview:-1"},"canonical":"https:\/\/shiatsuverband.ch\/fr\/emerging-adulthood-la-phase-entre-ladolescence-et-lage-adulte\/","og_locale":"fr_FR","og_type":"article","og_title":"Emerging Adulthood : la phase entre l'adolescence et l'\u00e2ge adulte - Shiatsu Gesellschaft Schweiz","og_description":"\u00ab Emerging Adulthood \u00bb est un concept qui a \u00e9t\u00e9 invent\u00e9 pour la premi\u00e8re fois \u00e0 la fin des ann\u00e9es 1990 par le psychologue Jeffrey Arnett1. Il d\u00e9crit une phase de d\u00e9veloppement sp\u00e9cifique qui se situe entre la 18e et la 25e ann\u00e9e de la vie.","og_url":"https:\/\/shiatsuverband.ch\/fr\/emerging-adulthood-la-phase-entre-ladolescence-et-lage-adulte\/","og_site_name":"Shiatsu Gesellschaft Schweiz","article_publisher":"https:\/\/www.facebook.com\/shiatsugesellschaftschweiz","article_published_time":"2024-09-17T08:25:05+00:00","article_modified_time":"2025-02-20T13:26:52+00:00","og_image":[{"width":1600,"height":552,"url":"https:\/\/shiatsuverband.ch\/wp-content\/uploads\/2024\/10\/Emerging_Adulthood.jpg","type":"image\/jpeg"}],"author":"Karin Eisenbl\u00e4tter","twitter_card":"summary_large_image","twitter_misc":{"\u00c9crit par":"Karin Eisenbl\u00e4tter","Dur\u00e9e de lecture estim\u00e9e":"5 minutes"},"schema":{"@context":"https:\/\/schema.org","@graph":[{"@type":"Article","@id":"https:\/\/shiatsuverband.ch\/fr\/emerging-adulthood-la-phase-entre-ladolescence-et-lage-adulte\/#article","isPartOf":{"@id":"https:\/\/shiatsuverband.ch\/fr\/emerging-adulthood-la-phase-entre-ladolescence-et-lage-adulte\/"},"author":{"name":"Karin Eisenbl\u00e4tter","@id":"https:\/\/shiatsuverband.ch\/fr\/#\/schema\/person\/24e3025720d9cc3da0d27e66922d90f0"},"headline":"Emerging Adulthood : la phase entre l&rsquo;adolescence et l&rsquo;\u00e2ge adulte","datePublished":"2024-09-17T08:25:05+00:00","dateModified":"2025-02-20T13:26:52+00:00","mainEntityOfPage":{"@id":"https:\/\/shiatsuverband.ch\/fr\/emerging-adulthood-la-phase-entre-ladolescence-et-lage-adulte\/"},"wordCount":1191,"publisher":{"@id":"https:\/\/shiatsuverband.ch\/fr\/#organization"},"image":{"@id":"https:\/\/shiatsuverband.ch\/fr\/emerging-adulthood-la-phase-entre-ladolescence-et-lage-adulte\/#primaryimage"},"thumbnailUrl":"https:\/\/shiatsuverband.ch\/wp-content\/uploads\/2024\/10\/Emerging_Adulthood.jpg","articleSection":["Pratique"],"inLanguage":"fr-FR"},{"@type":"WebPage","@id":"https:\/\/shiatsuverband.ch\/fr\/emerging-adulthood-la-phase-entre-ladolescence-et-lage-adulte\/","url":"https:\/\/shiatsuverband.ch\/fr\/emerging-adulthood-la-phase-entre-ladolescence-et-lage-adulte\/","name":"Emerging Adulthood : la phase entre l'adolescence et l'\u00e2ge adulte - Shiatsu Gesellschaft Schweiz","isPartOf":{"@id":"https:\/\/shiatsuverband.ch\/fr\/#website"},"primaryImageOfPage":{"@id":"https:\/\/shiatsuverband.ch\/fr\/emerging-adulthood-la-phase-entre-ladolescence-et-lage-adulte\/#primaryimage"},"image":{"@id":"https:\/\/shiatsuverband.ch\/fr\/emerging-adulthood-la-phase-entre-ladolescence-et-lage-adulte\/#primaryimage"},"thumbnailUrl":"https:\/\/shiatsuverband.ch\/wp-content\/uploads\/2024\/10\/Emerging_Adulthood.jpg","datePublished":"2024-09-17T08:25:05+00:00","dateModified":"2025-02-20T13:26:52+00:00","description":"\u00ab Emerging Adulthood \u00bb est un concept qui a \u00e9t\u00e9 invent\u00e9 pour la premi\u00e8re fois \u00e0 la fin des ann\u00e9es 1990 par le psychologue Jeffrey Arnett1. Il d\u00e9crit une phase de d\u00e9veloppement sp\u00e9cifique qui se situe entre la 18e et la 25e ann\u00e9e de la vie.","breadcrumb":{"@id":"https:\/\/shiatsuverband.ch\/fr\/emerging-adulthood-la-phase-entre-ladolescence-et-lage-adulte\/#breadcrumb"},"inLanguage":"fr-FR","potentialAction":[{"@type":"ReadAction","target":["https:\/\/shiatsuverband.ch\/fr\/emerging-adulthood-la-phase-entre-ladolescence-et-lage-adulte\/"]}]},{"@type":"ImageObject","inLanguage":"fr-FR","@id":"https:\/\/shiatsuverband.ch\/fr\/emerging-adulthood-la-phase-entre-ladolescence-et-lage-adulte\/#primaryimage","url":"https:\/\/shiatsuverband.ch\/wp-content\/uploads\/2024\/10\/Emerging_Adulthood.jpg","contentUrl":"https:\/\/shiatsuverband.ch\/wp-content\/uploads\/2024\/10\/Emerging_Adulthood.jpg","width":1600,"height":552},{"@type":"BreadcrumbList","@id":"https:\/\/shiatsuverband.ch\/fr\/emerging-adulthood-la-phase-entre-ladolescence-et-lage-adulte\/#breadcrumb","itemListElement":[{"@type":"ListItem","position":1,"name":"Startseite","item":"https:\/\/shiatsuverband.ch\/fr\/le-shiatsu-une-methode-de-la-therapie-complementaire\/"},{"@type":"ListItem","position":2,"name":"Emerging Adulthood : la phase entre l&#8217;adolescence et l&#8217;\u00e2ge adulte"}]},{"@type":"WebSite","@id":"https:\/\/shiatsuverband.ch\/fr\/#website","url":"https:\/\/shiatsuverband.ch\/fr\/","name":"Shiatsu Gesellschaft Schweiz","description":"Shiatsu, eine Methode der Komplement\u00e4rTherapie","publisher":{"@id":"https:\/\/shiatsuverband.ch\/fr\/#organization"},"potentialAction":[{"@type":"SearchAction","target":{"@type":"EntryPoint","urlTemplate":"https:\/\/shiatsuverband.ch\/fr\/?s={search_term_string}"},"query-input":{"@type":"PropertyValueSpecification","valueRequired":true,"valueName":"search_term_string"}}],"inLanguage":"fr-FR"},{"@type":"Organization","@id":"https:\/\/shiatsuverband.ch\/fr\/#organization","name":"Shiatsu Gesellschaft Schweiz","url":"https:\/\/shiatsuverband.ch\/fr\/","logo":{"@type":"ImageObject","inLanguage":"fr-FR","@id":"https:\/\/shiatsuverband.ch\/fr\/#\/schema\/logo\/image\/","url":"https:\/\/shiatsuverband.ch\/wp-content\/uploads\/2019\/04\/Shiatsuverband_Logo.png","contentUrl":"https:\/\/shiatsuverband.ch\/wp-content\/uploads\/2019\/04\/Shiatsuverband_Logo.png","width":387,"height":130,"caption":"Shiatsu Gesellschaft Schweiz"},"image":{"@id":"https:\/\/shiatsuverband.ch\/fr\/#\/schema\/logo\/image\/"},"sameAs":["https:\/\/www.facebook.com\/shiatsugesellschaftschweiz"]},{"@type":"Person","@id":"https:\/\/shiatsuverband.ch\/fr\/#\/schema\/person\/24e3025720d9cc3da0d27e66922d90f0","name":"Karin Eisenbl\u00e4tter","image":{"@type":"ImageObject","inLanguage":"fr-FR","@id":"https:\/\/secure.gravatar.com\/avatar\/f50ea2246a1106f868d0654915cf480dac4b6e6e2d8dc01121f8a4b6c7af5dd8?s=96&d=mm&r=g","url":"https:\/\/secure.gravatar.com\/avatar\/f50ea2246a1106f868d0654915cf480dac4b6e6e2d8dc01121f8a4b6c7af5dd8?s=96&d=mm&r=g","contentUrl":"https:\/\/secure.gravatar.com\/avatar\/f50ea2246a1106f868d0654915cf480dac4b6e6e2d8dc01121f8a4b6c7af5dd8?s=96&d=mm&r=g","caption":"Karin Eisenbl\u00e4tter"},"url":"https:\/\/shiatsuverband.ch\/fr\/author\/k-eisenblaettershiatsuverband-ch\/"}]}},"_links":{"self":[{"href":"https:\/\/shiatsuverband.ch\/fr\/wp-json\/wp\/v2\/posts\/103123","targetHints":{"allow":["GET"]}}],"collection":[{"href":"https:\/\/shiatsuverband.ch\/fr\/wp-json\/wp\/v2\/posts"}],"about":[{"href":"https:\/\/shiatsuverband.ch\/fr\/wp-json\/wp\/v2\/types\/post"}],"author":[{"embeddable":true,"href":"https:\/\/shiatsuverband.ch\/fr\/wp-json\/wp\/v2\/users\/11"}],"replies":[{"embeddable":true,"href":"https:\/\/shiatsuverband.ch\/fr\/wp-json\/wp\/v2\/comments?post=103123"}],"version-history":[{"count":5,"href":"https:\/\/shiatsuverband.ch\/fr\/wp-json\/wp\/v2\/posts\/103123\/revisions"}],"predecessor-version":[{"id":103134,"href":"https:\/\/shiatsuverband.ch\/fr\/wp-json\/wp\/v2\/posts\/103123\/revisions\/103134"}],"wp:featuredmedia":[{"embeddable":true,"href":"https:\/\/shiatsuverband.ch\/fr\/wp-json\/wp\/v2\/media\/103380"}],"wp:attachment":[{"href":"https:\/\/shiatsuverband.ch\/fr\/wp-json\/wp\/v2\/media?parent=103123"}],"wp:term":[{"taxonomy":"category","embeddable":true,"href":"https:\/\/shiatsuverband.ch\/fr\/wp-json\/wp\/v2\/categories?post=103123"},{"taxonomy":"post_tag","embeddable":true,"href":"https:\/\/shiatsuverband.ch\/fr\/wp-json\/wp\/v2\/tags?post=103123"}],"curies":[{"name":"wp","href":"https:\/\/api.w.org\/{rel}","templated":true}]}}