{"id":5041,"date":"2018-09-20T17:26:28","date_gmt":"2018-09-20T15:26:28","guid":{"rendered":"https:\/\/shiatsuverband.ch\/?p=5041"},"modified":"2019-10-15T12:09:28","modified_gmt":"2019-10-15T10:09:28","slug":"une-communication-claire-des-possibilites-et-limites-cree-la-confiance","status":"publish","type":"post","link":"https:\/\/shiatsuverband.ch\/fr\/une-communication-claire-des-possibilites-et-limites-cree-la-confiance\/","title":{"rendered":"Une communication claire des possibilit\u00e9s et limites cr\u00e9e la confiance"},"content":{"rendered":"\n<style type=\"text\/css\" data-created_by=\"avia_inline_auto\" id=\"style-css-av-jtu89xx6-120896ca88852727b3dc0a1baf59ba2a\">\n.avia-image-container.av-jtu89xx6-120896ca88852727b3dc0a1baf59ba2a img.avia_image{\nbox-shadow:none;\n}\n.avia-image-container.av-jtu89xx6-120896ca88852727b3dc0a1baf59ba2a .av-image-caption-overlay-center{\ncolor:#ffffff;\n}\n<\/style>\n<div  class='avia-image-container av-jtu89xx6-120896ca88852727b3dc0a1baf59ba2a av-styling- avia-align-center  avia-builder-el-0  el_before_av_textblock  avia-builder-el-first '   itemprop=\"image\" itemscope=\"itemscope\" itemtype=\"https:\/\/schema.org\/ImageObject\" ><div class=\"avia-image-container-inner\"><div class=\"avia-image-overlay-wrap\"><img decoding=\"async\" fetchpriority=\"high\" class='wp-image-5042 avia-img-lazy-loading-not-5042 avia_image ' src=\"https:\/\/shiatsuverband.ch\/wp-content\/uploads\/2019\/03\/01_anita-ursina-studach-grass_BLOG_Format_.jpg\" alt='' title='01_anita-ursina-studach-grass_BLOG_Format_'  height=\"552\" width=\"1600\"  itemprop=\"thumbnailUrl\" srcset=\"https:\/\/shiatsuverband.ch\/wp-content\/uploads\/2019\/03\/01_anita-ursina-studach-grass_BLOG_Format_.jpg 1600w, https:\/\/shiatsuverband.ch\/wp-content\/uploads\/2019\/03\/01_anita-ursina-studach-grass_BLOG_Format_-300x104.jpg 300w, https:\/\/shiatsuverband.ch\/wp-content\/uploads\/2019\/03\/01_anita-ursina-studach-grass_BLOG_Format_-768x265.jpg 768w, https:\/\/shiatsuverband.ch\/wp-content\/uploads\/2019\/03\/01_anita-ursina-studach-grass_BLOG_Format_-1030x355.jpg 1030w, https:\/\/shiatsuverband.ch\/wp-content\/uploads\/2019\/03\/01_anita-ursina-studach-grass_BLOG_Format_-1500x518.jpg 1500w, https:\/\/shiatsuverband.ch\/wp-content\/uploads\/2019\/03\/01_anita-ursina-studach-grass_BLOG_Format_-705x243.jpg 705w, https:\/\/shiatsuverband.ch\/wp-content\/uploads\/2019\/03\/01_anita-ursina-studach-grass_BLOG_Format_-450x155.jpg 450w\" sizes=\"(max-width: 1600px) 100vw, 1600px\" \/><\/div><\/div><\/div>\n<section  class='av_textblock_section av-jtu88x96-88265678328f16d307e5e8a069f6aeaa '   itemscope=\"itemscope\" itemtype=\"https:\/\/schema.org\/BlogPosting\" itemprop=\"blogPost\" ><div class='avia_textblock'  itemprop=\"text\" ><h1>Une communication claire des possibilit\u00e9s et limites cr\u00e9e la confiance<\/h1>\n<p><strong>Quelles sont les possibilit\u00e9s et limites du Shiatsu en tant que th\u00e9rapie ? Dans quels cas faut-il, en accord avec la cliente ou le client, faire appel \u00e0 un m\u00e9decin ? Les r\u00e9ponses \u00e0 ces questions demandent beaucoup de clart\u00e9 et de discernement \u2013 des qualit\u00e9s essentielles qui sont aussi requises dans l\u2019exercice du Shiatsu en tant que th\u00e9rapie professionnelle.<\/strong><\/p>\n<p><strong>Le terme \u00ab compl\u00e9mentaire \u00bb fait partie de la nouvelle d\u00e9nomination professionnelle du Shiatsu en tant que m\u00e9thode de la th\u00e9rapie compl\u00e9mentaire \u2013 quel est la signification de cette notion pour toi dans ton travail de th\u00e9rapeute de Shiatsu ? <\/strong><br \/>\nComme le terme \u00ab compl\u00e9mentaire \u00bb l\u2019indique, il s\u2019agit d\u2019une th\u00e9rapie en compl\u00e9ment, dans le cadre de la planification th\u00e9rapeutique en collaboration avec la m\u00e9decine conventionnelle, on pourrait aussi parler d\u2019\u00ab interdisciplinaire \u00bb. A mes yeux, dans le travail concret, cela signifie d\u2019abord que je m\u2019assure d\u2019\u00eatre pleinement consciente des limites de mes possibilit\u00e9s en tant que th\u00e9rapeute de Shiatsu. Il s\u2019agit donc aussi de rep\u00e9rer les zones de transition. Dans quel cas de figure le Shiatsu agit-il en compl\u00e9ment \u00e0 la m\u00e9decine conventionnelle ? Quelles prestations puis-je fournir, quand dois-je envoyer les personnes chez un m\u00e9decin ? Personnellement, j\u2019ai convenu avec un m\u00e9decin de famille que je peux l\u2019appeler en pr\u00e9sence de la cliente ou du client quand la situation le demande. Je lui d\u00e9cris alors bri\u00e8vement la situation et, le cas \u00e9ch\u00e9ant, je peux lui transf\u00e9rer la personne concern\u00e9e.<\/p>\n<p><strong>Ce genre de travail demande beaucoup de clart\u00e9 dans la communication. Comment arrives-tu \u00e0 obtenir cette clart\u00e9 \u00e0 l\u2019int\u00e9rieur de toi ?<\/strong><br \/>\nJe fais beaucoup de travail sur moi en menant une r\u00e9flexion sur mes actions \u2013 par exemple \u00e0 l\u2019aide de supervisions, de formations continues ou de traitements que je re\u00e7ois pour prendre soin de moi-m\u00eame. Il est important pour moi de pouvoir garder une distance professionnelle et de r\u00e9agir de mani\u00e8re objective, aussi dans des moments d\u2019\u00e9motions intenses. Quand j\u2019ai conscience de mes propres limites et que je les communique, je dois aussi \u00eatre pr\u00eate \u00e0 c\u00e9der. Je peux perdre de la client\u00e8le quand je communique clairement ce que je peux faire et ce qui n\u2019entre pas dans mes comp\u00e9tences. Il n\u2019est pas toujours \u00e9vident de rester claire, d\u2019autant plus qu\u2019il y a des clientes et clients qui sont tr\u00e8s demandeurs. L\u00e0 on doit \u00eatre s\u00fbr de soi, ce qui pour moi \u00e9quivaut \u00e0 un travail constant sur mes th\u00e9matiques personnelles et une r\u00e9flexion r\u00e9guli\u00e8re sur mon propre processus.<\/p>\n<p><strong>Peux-tu nous d\u00e9crire une situation concr\u00e8te o\u00f9 tu as d\u00fb poser des limites ?<\/strong><br \/>\nIl s\u2019agissait d\u2019une cliente qui avait des pens\u00e9es suicidaires. J\u2019ai d\u00fb dire clairement stop, je ne peux plus assumer la responsabilit\u00e9. L\u00e0 aussi, j\u2019ai contact\u00e9 le m\u00e9decin traitant en pr\u00e9sence et avec l\u2019accord de la cliente. Ensuite, la cliente est all\u00e9e directement de mon cabinet chez le m\u00e9decin qui l\u2019a transf\u00e9r\u00e9e par la suite chez le psychiatre. Mon intention est d\u2019\u00eatre tr\u00e8s claire avec mes clientes et clients. Je leur explique mon domaine, jusqu\u2019o\u00f9 je peux aller et quand je ne peux plus assumer la responsabilit\u00e9. Cette clart\u00e9 ferme suscite la confiance chez ma client\u00e8le. La d\u00e9finition claire de mes t\u00e2ches et de mes limites leur donne un sentiment de s\u00e9curit\u00e9, d\u2019\u00eatre pris au s\u00e9rieux. Ils sentent que j\u2019arrive \u00e0 \u00e9valuer la situation et que je sais fixer mes limites.<\/p>\n<p><strong>Comment les m\u00e9decins r\u00e9agissent-ils \u00e0 ton appel dans un cas pareil ?<\/strong><br \/>\nJ\u2019ai l\u2019impression que depuis que le Shiatsu est une profession reconnue au niveau f\u00e9d\u00e9ral, les th\u00e9rapeutes de Shiatsu ont gagn\u00e9 en cr\u00e9dibilit\u00e9 aupr\u00e8s des m\u00e9decins qui sont au courant de cette \u00e9volution. Je suis prise au s\u00e9rieux en tant que th\u00e9rapeute compl\u00e9mentaire dans la m\u00e9thode Shiatsu quand j\u2019oriente des clients vers le m\u00e9decin, et ils obtiennent en g\u00e9n\u00e9ral tr\u00e8s rapidement un rendez-vous. Mise \u00e0 part du fait que nous sommes pris plus au s\u00e9rieux, nous ne repr\u00e9sentons pas non plus une concurrence. Au contraire \u2013 la collaboration compl\u00e9mentaire et interdisciplinaire gagne de plus en plus de terrain. De mon c\u00f4t\u00e9, je comprends mes traitement d\u00e9finitivement comme un soutien compl\u00e9mentaire au traitement m\u00e9dical. Quand une personne ne veut par exemple pas prendre les m\u00e9dicaments prescrits par son m\u00e9decin, je lui demande ce que le fait de devoir prendre des m\u00e9dicaments provoque en elle. Je donne de la place aux \u00e9motions qui peuvent remonter, telles la peur ou l\u2019ins\u00e9curit\u00e9. Si par la suite ces sentiments se calment, je lui propose de consid\u00e9rer la prise des m\u00e9dicaments comme un essai et d\u2019observer comment elle y r\u00e9agit. Par cette approche, j\u2019essaie de cr\u00e9er les meilleures conditions possibles pour la prescription m\u00e9dicale de m\u00e9dicaments. Nous disposons de plus de temps et d\u2019espace pour \u00eatre \u00e0 l\u2019\u00e9coute des personnes, pour mieux les inclure dans le plan de traitement et renforcer leur responsabilit\u00e9 personnelle. Ce qui est important pour mon travail, c\u2019est la d\u00e9finition pr\u00e9cise de ma mission et des interfaces avec la m\u00e9decine conventionnelle. De plus, dans l\u2019\u00e9change avec les m\u00e9decins, il est important de ne pas utiliser le langage sp\u00e9cifique \u00e0 la m\u00e9thode afin de favoriser une compr\u00e9hension mutuelle.<\/p>\n<p><strong>Il est donc essentiel d\u2019\u00eatre claire et de pouvoir mettre des limites dans le cadre d\u2019une collaboration interdisciplinaire r\u00e9ussie. Mais aussi pendant la th\u00e9rapie de Shiatsu proprement dite, cette attitude est d\u2019une grande importance, comment vois-tu cela ?<\/strong><br \/>\nQuand une personne commence par exemple \u00e0 pleurer, je ne la prends pas dans mes bras pour la consoler. Je reste \u00e0 son \u00e9coute et lui mets l\u2019espace n\u00e9cessaire \u00e0 disposition pour ses processus douloureux. Dans le Shiatsu, nous avons la possibilit\u00e9 d\u2019\u00e9tablir un cadre de confiance qui permet aussi \u00e0 des \u00e9motions comme la peur, la douleur, la col\u00e8re ou la tristesse de se montrer. D\u2019apr\u00e8s mon exp\u00e9rience, l\u2019importance ne r\u00e9side pas seulement dans les d\u00e9tails de l\u2019histoire que la personne raconte. Il s\u2019agit plut\u00f4t des \u00e9motions que le v\u00e9cu racont\u00e9 a d\u00e9clench\u00e9es. Je me renseigne donc aupr\u00e8s de la personne sur l\u2019effet pr\u00e9cis que le r\u00e9cit de ce v\u00e9cu a sur son corps. Quel est le ressenti au niveau physique ? O\u00f9 est-ce que la personne le ressent concr\u00e8tement ? Qu\u2019est-ce qui se montre dans ce ressenti ? Un questionnement \u00e0 ce niveau amorce souvent de tr\u00e8s grands changements, la respiration d\u2019une personne se lib\u00e8re ou elle se d\u00e9tend tr\u00e8s concr\u00e8tement au niveau physique, par exemple. Il ne s\u2019agit nullement de parler ou de consoler, mais de prendre la personne au s\u00e9rieux et d\u2019\u00eatre \u00e0 son \u00e9coute de mani\u00e8re empathique. Un autre point essentiel, c\u2019est en outre le fait qu\u2019en tant que th\u00e9rapeutes corporels nous disposons des outils pour ramener les clientes et clients tr\u00e8s concr\u00e8tement dans leur corps pour leurs donner la possibilit\u00e9 de se ressentir et de se recentrer. Mais si je veux avoir la capacit\u00e9 de cr\u00e9er ce cadre de confiance, je dois pouvoir pr\u00e9server une certaine objectivit\u00e9 et \u00eatre bien ancr\u00e9e afin de pouvoir rester centr\u00e9e et garder le calme.<\/p>\n<p><strong>Interview: Cristina Frey<\/strong><\/p>\n<p><strong>Donn\u00e9es biographiques:<\/strong><br \/>\nAnita-Ursina Studach-Grass (47) est th\u00e9rapeute compl\u00e9mentaire avec dipl\u00f4me f\u00e9d\u00e9ral dans la m\u00e9thode Shiatsu.<\/p>\n<\/div><\/section>\n","protected":false},"excerpt":{"rendered":"<p>Quelles sont les possibilit\u00e9s et limites du Shiatsu en tant que th\u00e9rapie ? Dans quels cas faut-il, en accord avec la cliente ou le client, faire appel \u00e0 un m\u00e9decin ?<\/p>\n","protected":false},"author":1,"featured_media":5043,"comment_status":"closed","ping_status":"open","sticky":false,"template":"","format":"standard","meta":{"_acf_changed":false,"_monsterinsights_skip_tracking":false,"_monsterinsights_sitenote_active":false,"_monsterinsights_sitenote_note":"","_monsterinsights_sitenote_category":0,"footnotes":""},"categories":[21,36],"tags":[],"class_list":["post-5041","post","type-post","status-publish","format-standard","has-post-thumbnail","hentry","category-methode-2","category-methode-fr"],"acf":[],"yoast_head":"<!-- This site is optimized with the Yoast SEO plugin v27.4 - https:\/\/yoast.com\/product\/yoast-seo-wordpress\/ -->\n<title>Interview avec Anita Ursina Studach Grass - Association Suisse de Shiatsu<\/title>\n<meta name=\"description\" content=\"Quelles sont les possibilit\u00e9s et limites du Shiatsu en tant que th\u00e9rapie ? Dans quels cas faut-il, en accord avec la cliente ou le client, faire appel \u00e0...\" \/>\n<meta name=\"robots\" content=\"index, follow, max-snippet:-1, max-image-preview:large, max-video-preview:-1\" \/>\n<link rel=\"canonical\" href=\"https:\/\/shiatsuverband.ch\/fr\/une-communication-claire-des-possibilites-et-limites-cree-la-confiance\/\" \/>\n<meta property=\"og:locale\" content=\"fr_FR\" \/>\n<meta property=\"og:type\" content=\"article\" \/>\n<meta property=\"og:title\" content=\"Interview avec Anita Ursina Studach Grass - Association Suisse de Shiatsu\" \/>\n<meta property=\"og:description\" content=\"Quelles sont les possibilit\u00e9s et limites du Shiatsu en tant que th\u00e9rapie ? Dans quels cas faut-il, en accord avec la cliente ou le client, faire appel \u00e0...\" \/>\n<meta property=\"og:url\" content=\"https:\/\/shiatsuverband.ch\/fr\/une-communication-claire-des-possibilites-et-limites-cree-la-confiance\/\" \/>\n<meta property=\"og:site_name\" content=\"Shiatsu Gesellschaft Schweiz\" \/>\n<meta property=\"article:publisher\" content=\"https:\/\/www.facebook.com\/shiatsugesellschaftschweiz\" \/>\n<meta property=\"article:published_time\" content=\"2018-09-20T15:26:28+00:00\" \/>\n<meta property=\"article:modified_time\" content=\"2019-10-15T10:09:28+00:00\" \/>\n<meta property=\"og:image\" content=\"https:\/\/shiatsuverband.ch\/wp-content\/uploads\/2019\/04\/01_anita-ursina-studach-grass_BLOG_Format_.jpg\" \/>\n\t<meta property=\"og:image:width\" content=\"1600\" \/>\n\t<meta property=\"og:image:height\" content=\"552\" \/>\n\t<meta property=\"og:image:type\" content=\"image\/jpeg\" \/>\n<meta name=\"author\" content=\"Michael Sutter\" \/>\n<meta name=\"twitter:card\" content=\"summary_large_image\" \/>\n<meta name=\"twitter:label1\" content=\"\u00c9crit par\" \/>\n\t<meta name=\"twitter:data1\" content=\"Michael Sutter\" \/>\n\t<meta name=\"twitter:label2\" content=\"Dur\u00e9e de lecture estim\u00e9e\" \/>\n\t<meta name=\"twitter:data2\" content=\"7 minutes\" \/>\n<script type=\"application\/ld+json\" class=\"yoast-schema-graph\">{\"@context\":\"https:\\\/\\\/schema.org\",\"@graph\":[{\"@type\":\"Article\",\"@id\":\"https:\\\/\\\/shiatsuverband.ch\\\/fr\\\/une-communication-claire-des-possibilites-et-limites-cree-la-confiance\\\/#article\",\"isPartOf\":{\"@id\":\"https:\\\/\\\/shiatsuverband.ch\\\/fr\\\/une-communication-claire-des-possibilites-et-limites-cree-la-confiance\\\/\"},\"author\":{\"name\":\"Michael Sutter\",\"@id\":\"https:\\\/\\\/shiatsuverband.ch\\\/fr\\\/#\\\/schema\\\/person\\\/3374c1f2b4ea8f4d29fa432dcd256523\"},\"headline\":\"Une communication claire des possibilit\u00e9s et limites cr\u00e9e la confiance\",\"datePublished\":\"2018-09-20T15:26:28+00:00\",\"dateModified\":\"2019-10-15T10:09:28+00:00\",\"mainEntityOfPage\":{\"@id\":\"https:\\\/\\\/shiatsuverband.ch\\\/fr\\\/une-communication-claire-des-possibilites-et-limites-cree-la-confiance\\\/\"},\"wordCount\":1408,\"publisher\":{\"@id\":\"https:\\\/\\\/shiatsuverband.ch\\\/fr\\\/#organization\"},\"image\":{\"@id\":\"https:\\\/\\\/shiatsuverband.ch\\\/fr\\\/une-communication-claire-des-possibilites-et-limites-cree-la-confiance\\\/#primaryimage\"},\"thumbnailUrl\":\"https:\\\/\\\/shiatsuverband.ch\\\/wp-content\\\/uploads\\\/2019\\\/04\\\/01_anita-ursina-studach-grass_BLOG_Format_.jpg\",\"articleSection\":[\"M\u00e9thode\",\"Methode\"],\"inLanguage\":\"fr-FR\"},{\"@type\":\"WebPage\",\"@id\":\"https:\\\/\\\/shiatsuverband.ch\\\/fr\\\/une-communication-claire-des-possibilites-et-limites-cree-la-confiance\\\/\",\"url\":\"https:\\\/\\\/shiatsuverband.ch\\\/fr\\\/une-communication-claire-des-possibilites-et-limites-cree-la-confiance\\\/\",\"name\":\"Interview avec Anita Ursina Studach Grass - Association Suisse de Shiatsu\",\"isPartOf\":{\"@id\":\"https:\\\/\\\/shiatsuverband.ch\\\/fr\\\/#website\"},\"primaryImageOfPage\":{\"@id\":\"https:\\\/\\\/shiatsuverband.ch\\\/fr\\\/une-communication-claire-des-possibilites-et-limites-cree-la-confiance\\\/#primaryimage\"},\"image\":{\"@id\":\"https:\\\/\\\/shiatsuverband.ch\\\/fr\\\/une-communication-claire-des-possibilites-et-limites-cree-la-confiance\\\/#primaryimage\"},\"thumbnailUrl\":\"https:\\\/\\\/shiatsuverband.ch\\\/wp-content\\\/uploads\\\/2019\\\/04\\\/01_anita-ursina-studach-grass_BLOG_Format_.jpg\",\"datePublished\":\"2018-09-20T15:26:28+00:00\",\"dateModified\":\"2019-10-15T10:09:28+00:00\",\"description\":\"Quelles sont les possibilit\u00e9s et limites du Shiatsu en tant que th\u00e9rapie ? Dans quels cas faut-il, en accord avec la cliente ou le client, faire appel \u00e0...\",\"breadcrumb\":{\"@id\":\"https:\\\/\\\/shiatsuverband.ch\\\/fr\\\/une-communication-claire-des-possibilites-et-limites-cree-la-confiance\\\/#breadcrumb\"},\"inLanguage\":\"fr-FR\",\"potentialAction\":[{\"@type\":\"ReadAction\",\"target\":[\"https:\\\/\\\/shiatsuverband.ch\\\/fr\\\/une-communication-claire-des-possibilites-et-limites-cree-la-confiance\\\/\"]}]},{\"@type\":\"ImageObject\",\"inLanguage\":\"fr-FR\",\"@id\":\"https:\\\/\\\/shiatsuverband.ch\\\/fr\\\/une-communication-claire-des-possibilites-et-limites-cree-la-confiance\\\/#primaryimage\",\"url\":\"https:\\\/\\\/shiatsuverband.ch\\\/wp-content\\\/uploads\\\/2019\\\/04\\\/01_anita-ursina-studach-grass_BLOG_Format_.jpg\",\"contentUrl\":\"https:\\\/\\\/shiatsuverband.ch\\\/wp-content\\\/uploads\\\/2019\\\/04\\\/01_anita-ursina-studach-grass_BLOG_Format_.jpg\",\"width\":1600,\"height\":552},{\"@type\":\"BreadcrumbList\",\"@id\":\"https:\\\/\\\/shiatsuverband.ch\\\/fr\\\/une-communication-claire-des-possibilites-et-limites-cree-la-confiance\\\/#breadcrumb\",\"itemListElement\":[{\"@type\":\"ListItem\",\"position\":1,\"name\":\"Startseite\",\"item\":\"https:\\\/\\\/shiatsuverband.ch\\\/fr\\\/le-shiatsu-une-methode-de-la-therapie-complementaire\\\/\"},{\"@type\":\"ListItem\",\"position\":2,\"name\":\"Une communication claire des possibilit\u00e9s et limites cr\u00e9e la confiance\"}]},{\"@type\":\"WebSite\",\"@id\":\"https:\\\/\\\/shiatsuverband.ch\\\/fr\\\/#website\",\"url\":\"https:\\\/\\\/shiatsuverband.ch\\\/fr\\\/\",\"name\":\"Shiatsu Gesellschaft Schweiz\",\"description\":\"Shiatsu, eine Methode der Komplement\u00e4rTherapie\",\"publisher\":{\"@id\":\"https:\\\/\\\/shiatsuverband.ch\\\/fr\\\/#organization\"},\"potentialAction\":[{\"@type\":\"SearchAction\",\"target\":{\"@type\":\"EntryPoint\",\"urlTemplate\":\"https:\\\/\\\/shiatsuverband.ch\\\/fr\\\/?s={search_term_string}\"},\"query-input\":{\"@type\":\"PropertyValueSpecification\",\"valueRequired\":true,\"valueName\":\"search_term_string\"}}],\"inLanguage\":\"fr-FR\"},{\"@type\":\"Organization\",\"@id\":\"https:\\\/\\\/shiatsuverband.ch\\\/fr\\\/#organization\",\"name\":\"Shiatsu Gesellschaft Schweiz\",\"url\":\"https:\\\/\\\/shiatsuverband.ch\\\/fr\\\/\",\"logo\":{\"@type\":\"ImageObject\",\"inLanguage\":\"fr-FR\",\"@id\":\"https:\\\/\\\/shiatsuverband.ch\\\/fr\\\/#\\\/schema\\\/logo\\\/image\\\/\",\"url\":\"https:\\\/\\\/shiatsuverband.ch\\\/wp-content\\\/uploads\\\/2019\\\/04\\\/Shiatsuverband_Logo.png\",\"contentUrl\":\"https:\\\/\\\/shiatsuverband.ch\\\/wp-content\\\/uploads\\\/2019\\\/04\\\/Shiatsuverband_Logo.png\",\"width\":387,\"height\":130,\"caption\":\"Shiatsu Gesellschaft Schweiz\"},\"image\":{\"@id\":\"https:\\\/\\\/shiatsuverband.ch\\\/fr\\\/#\\\/schema\\\/logo\\\/image\\\/\"},\"sameAs\":[\"https:\\\/\\\/www.facebook.com\\\/shiatsugesellschaftschweiz\"]},{\"@type\":\"Person\",\"@id\":\"https:\\\/\\\/shiatsuverband.ch\\\/fr\\\/#\\\/schema\\\/person\\\/3374c1f2b4ea8f4d29fa432dcd256523\",\"name\":\"Michael Sutter\",\"image\":{\"@type\":\"ImageObject\",\"inLanguage\":\"fr-FR\",\"@id\":\"https:\\\/\\\/secure.gravatar.com\\\/avatar\\\/804294281b228633206fe6e03e1afcc129e0ed2b456236fdfa66d6296c4eede7?s=96&d=mm&r=g\",\"url\":\"https:\\\/\\\/secure.gravatar.com\\\/avatar\\\/804294281b228633206fe6e03e1afcc129e0ed2b456236fdfa66d6296c4eede7?s=96&d=mm&r=g\",\"contentUrl\":\"https:\\\/\\\/secure.gravatar.com\\\/avatar\\\/804294281b228633206fe6e03e1afcc129e0ed2b456236fdfa66d6296c4eede7?s=96&d=mm&r=g\",\"caption\":\"Michael Sutter\"},\"url\":\"https:\\\/\\\/shiatsuverband.ch\\\/fr\\\/author\\\/m-hoernlimannmichaelh-ch\\\/\"}]}<\/script>\n<!-- \/ Yoast SEO plugin. -->","yoast_head_json":{"title":"Interview avec Anita Ursina Studach Grass - Association Suisse de Shiatsu","description":"Quelles sont les possibilit\u00e9s et limites du Shiatsu en tant que th\u00e9rapie ? Dans quels cas faut-il, en accord avec la cliente ou le client, faire appel \u00e0...","robots":{"index":"index","follow":"follow","max-snippet":"max-snippet:-1","max-image-preview":"max-image-preview:large","max-video-preview":"max-video-preview:-1"},"canonical":"https:\/\/shiatsuverband.ch\/fr\/une-communication-claire-des-possibilites-et-limites-cree-la-confiance\/","og_locale":"fr_FR","og_type":"article","og_title":"Interview avec Anita Ursina Studach Grass - Association Suisse de Shiatsu","og_description":"Quelles sont les possibilit\u00e9s et limites du Shiatsu en tant que th\u00e9rapie ? Dans quels cas faut-il, en accord avec la cliente ou le client, faire appel \u00e0...","og_url":"https:\/\/shiatsuverband.ch\/fr\/une-communication-claire-des-possibilites-et-limites-cree-la-confiance\/","og_site_name":"Shiatsu Gesellschaft Schweiz","article_publisher":"https:\/\/www.facebook.com\/shiatsugesellschaftschweiz","article_published_time":"2018-09-20T15:26:28+00:00","article_modified_time":"2019-10-15T10:09:28+00:00","og_image":[{"width":1600,"height":552,"url":"https:\/\/shiatsuverband.ch\/wp-content\/uploads\/2019\/04\/01_anita-ursina-studach-grass_BLOG_Format_.jpg","type":"image\/jpeg"}],"author":"Michael Sutter","twitter_card":"summary_large_image","twitter_misc":{"\u00c9crit par":"Michael Sutter","Dur\u00e9e de lecture estim\u00e9e":"7 minutes"},"schema":{"@context":"https:\/\/schema.org","@graph":[{"@type":"Article","@id":"https:\/\/shiatsuverband.ch\/fr\/une-communication-claire-des-possibilites-et-limites-cree-la-confiance\/#article","isPartOf":{"@id":"https:\/\/shiatsuverband.ch\/fr\/une-communication-claire-des-possibilites-et-limites-cree-la-confiance\/"},"author":{"name":"Michael Sutter","@id":"https:\/\/shiatsuverband.ch\/fr\/#\/schema\/person\/3374c1f2b4ea8f4d29fa432dcd256523"},"headline":"Une communication claire des possibilit\u00e9s et limites cr\u00e9e la confiance","datePublished":"2018-09-20T15:26:28+00:00","dateModified":"2019-10-15T10:09:28+00:00","mainEntityOfPage":{"@id":"https:\/\/shiatsuverband.ch\/fr\/une-communication-claire-des-possibilites-et-limites-cree-la-confiance\/"},"wordCount":1408,"publisher":{"@id":"https:\/\/shiatsuverband.ch\/fr\/#organization"},"image":{"@id":"https:\/\/shiatsuverband.ch\/fr\/une-communication-claire-des-possibilites-et-limites-cree-la-confiance\/#primaryimage"},"thumbnailUrl":"https:\/\/shiatsuverband.ch\/wp-content\/uploads\/2019\/04\/01_anita-ursina-studach-grass_BLOG_Format_.jpg","articleSection":["M\u00e9thode","Methode"],"inLanguage":"fr-FR"},{"@type":"WebPage","@id":"https:\/\/shiatsuverband.ch\/fr\/une-communication-claire-des-possibilites-et-limites-cree-la-confiance\/","url":"https:\/\/shiatsuverband.ch\/fr\/une-communication-claire-des-possibilites-et-limites-cree-la-confiance\/","name":"Interview avec Anita Ursina Studach Grass - Association Suisse de Shiatsu","isPartOf":{"@id":"https:\/\/shiatsuverband.ch\/fr\/#website"},"primaryImageOfPage":{"@id":"https:\/\/shiatsuverband.ch\/fr\/une-communication-claire-des-possibilites-et-limites-cree-la-confiance\/#primaryimage"},"image":{"@id":"https:\/\/shiatsuverband.ch\/fr\/une-communication-claire-des-possibilites-et-limites-cree-la-confiance\/#primaryimage"},"thumbnailUrl":"https:\/\/shiatsuverband.ch\/wp-content\/uploads\/2019\/04\/01_anita-ursina-studach-grass_BLOG_Format_.jpg","datePublished":"2018-09-20T15:26:28+00:00","dateModified":"2019-10-15T10:09:28+00:00","description":"Quelles sont les possibilit\u00e9s et limites du Shiatsu en tant que th\u00e9rapie ? Dans quels cas faut-il, en accord avec la cliente ou le client, faire appel \u00e0...","breadcrumb":{"@id":"https:\/\/shiatsuverband.ch\/fr\/une-communication-claire-des-possibilites-et-limites-cree-la-confiance\/#breadcrumb"},"inLanguage":"fr-FR","potentialAction":[{"@type":"ReadAction","target":["https:\/\/shiatsuverband.ch\/fr\/une-communication-claire-des-possibilites-et-limites-cree-la-confiance\/"]}]},{"@type":"ImageObject","inLanguage":"fr-FR","@id":"https:\/\/shiatsuverband.ch\/fr\/une-communication-claire-des-possibilites-et-limites-cree-la-confiance\/#primaryimage","url":"https:\/\/shiatsuverband.ch\/wp-content\/uploads\/2019\/04\/01_anita-ursina-studach-grass_BLOG_Format_.jpg","contentUrl":"https:\/\/shiatsuverband.ch\/wp-content\/uploads\/2019\/04\/01_anita-ursina-studach-grass_BLOG_Format_.jpg","width":1600,"height":552},{"@type":"BreadcrumbList","@id":"https:\/\/shiatsuverband.ch\/fr\/une-communication-claire-des-possibilites-et-limites-cree-la-confiance\/#breadcrumb","itemListElement":[{"@type":"ListItem","position":1,"name":"Startseite","item":"https:\/\/shiatsuverband.ch\/fr\/le-shiatsu-une-methode-de-la-therapie-complementaire\/"},{"@type":"ListItem","position":2,"name":"Une communication claire des possibilit\u00e9s et limites cr\u00e9e la confiance"}]},{"@type":"WebSite","@id":"https:\/\/shiatsuverband.ch\/fr\/#website","url":"https:\/\/shiatsuverband.ch\/fr\/","name":"Shiatsu Gesellschaft Schweiz","description":"Shiatsu, eine Methode der Komplement\u00e4rTherapie","publisher":{"@id":"https:\/\/shiatsuverband.ch\/fr\/#organization"},"potentialAction":[{"@type":"SearchAction","target":{"@type":"EntryPoint","urlTemplate":"https:\/\/shiatsuverband.ch\/fr\/?s={search_term_string}"},"query-input":{"@type":"PropertyValueSpecification","valueRequired":true,"valueName":"search_term_string"}}],"inLanguage":"fr-FR"},{"@type":"Organization","@id":"https:\/\/shiatsuverband.ch\/fr\/#organization","name":"Shiatsu Gesellschaft Schweiz","url":"https:\/\/shiatsuverband.ch\/fr\/","logo":{"@type":"ImageObject","inLanguage":"fr-FR","@id":"https:\/\/shiatsuverband.ch\/fr\/#\/schema\/logo\/image\/","url":"https:\/\/shiatsuverband.ch\/wp-content\/uploads\/2019\/04\/Shiatsuverband_Logo.png","contentUrl":"https:\/\/shiatsuverband.ch\/wp-content\/uploads\/2019\/04\/Shiatsuverband_Logo.png","width":387,"height":130,"caption":"Shiatsu Gesellschaft Schweiz"},"image":{"@id":"https:\/\/shiatsuverband.ch\/fr\/#\/schema\/logo\/image\/"},"sameAs":["https:\/\/www.facebook.com\/shiatsugesellschaftschweiz"]},{"@type":"Person","@id":"https:\/\/shiatsuverband.ch\/fr\/#\/schema\/person\/3374c1f2b4ea8f4d29fa432dcd256523","name":"Michael Sutter","image":{"@type":"ImageObject","inLanguage":"fr-FR","@id":"https:\/\/secure.gravatar.com\/avatar\/804294281b228633206fe6e03e1afcc129e0ed2b456236fdfa66d6296c4eede7?s=96&d=mm&r=g","url":"https:\/\/secure.gravatar.com\/avatar\/804294281b228633206fe6e03e1afcc129e0ed2b456236fdfa66d6296c4eede7?s=96&d=mm&r=g","contentUrl":"https:\/\/secure.gravatar.com\/avatar\/804294281b228633206fe6e03e1afcc129e0ed2b456236fdfa66d6296c4eede7?s=96&d=mm&r=g","caption":"Michael Sutter"},"url":"https:\/\/shiatsuverband.ch\/fr\/author\/m-hoernlimannmichaelh-ch\/"}]}},"_links":{"self":[{"href":"https:\/\/shiatsuverband.ch\/fr\/wp-json\/wp\/v2\/posts\/5041","targetHints":{"allow":["GET"]}}],"collection":[{"href":"https:\/\/shiatsuverband.ch\/fr\/wp-json\/wp\/v2\/posts"}],"about":[{"href":"https:\/\/shiatsuverband.ch\/fr\/wp-json\/wp\/v2\/types\/post"}],"author":[{"embeddable":true,"href":"https:\/\/shiatsuverband.ch\/fr\/wp-json\/wp\/v2\/users\/1"}],"replies":[{"embeddable":true,"href":"https:\/\/shiatsuverband.ch\/fr\/wp-json\/wp\/v2\/comments?post=5041"}],"version-history":[{"count":2,"href":"https:\/\/shiatsuverband.ch\/fr\/wp-json\/wp\/v2\/posts\/5041\/revisions"}],"predecessor-version":[{"id":24462,"href":"https:\/\/shiatsuverband.ch\/fr\/wp-json\/wp\/v2\/posts\/5041\/revisions\/24462"}],"wp:featuredmedia":[{"embeddable":true,"href":"https:\/\/shiatsuverband.ch\/fr\/wp-json\/wp\/v2\/media\/5043"}],"wp:attachment":[{"href":"https:\/\/shiatsuverband.ch\/fr\/wp-json\/wp\/v2\/media?parent=5041"}],"wp:term":[{"taxonomy":"category","embeddable":true,"href":"https:\/\/shiatsuverband.ch\/fr\/wp-json\/wp\/v2\/categories?post=5041"},{"taxonomy":"post_tag","embeddable":true,"href":"https:\/\/shiatsuverband.ch\/fr\/wp-json\/wp\/v2\/tags?post=5041"}],"curies":[{"name":"wp","href":"https:\/\/api.w.org\/{rel}","templated":true}]}}