{"id":5050,"date":"2018-09-08T08:18:56","date_gmt":"2018-09-08T06:18:56","guid":{"rendered":"https:\/\/shiatsuverband.ch\/?p=5050"},"modified":"2019-10-15T12:10:04","modified_gmt":"2019-10-15T10:10:04","slug":"linfluence-fondamentale-de-lattitude-sur-la-therapie","status":"publish","type":"post","link":"https:\/\/shiatsuverband.ch\/fr\/linfluence-fondamentale-de-lattitude-sur-la-therapie\/","title":{"rendered":"L\u2019influence fondamentale de l\u2019attitude sur la th\u00e9rapie"},"content":{"rendered":"\n<style type=\"text\/css\" data-created_by=\"avia_inline_auto\" id=\"style-css-av-jtu8fqff-59feb2ec319667502033799056a705a5\">\n.avia-image-container.av-jtu8fqff-59feb2ec319667502033799056a705a5 img.avia_image{\nbox-shadow:none;\n}\n.avia-image-container.av-jtu8fqff-59feb2ec319667502033799056a705a5 .av-image-caption-overlay-center{\ncolor:#ffffff;\n}\n<\/style>\n<div  class='avia-image-container av-jtu8fqff-59feb2ec319667502033799056a705a5 av-styling- avia-align-center  avia-builder-el-0  el_before_av_textblock  avia-builder-el-first '   itemprop=\"image\" itemscope=\"itemscope\" itemtype=\"https:\/\/schema.org\/ImageObject\" ><div class=\"avia-image-container-inner\"><div class=\"avia-image-overlay-wrap\"><img decoding=\"async\" fetchpriority=\"high\" class='wp-image-5051 avia-img-lazy-loading-not-5051 avia_image ' src=\"https:\/\/shiatsuverband.ch\/wp-content\/uploads\/2019\/03\/BLOG_Format_Daniel-Schneitter.jpg\" alt='' title='BLOG_Format_Daniel-Schneitter'  height=\"552\" width=\"1600\"  itemprop=\"thumbnailUrl\" srcset=\"https:\/\/shiatsuverband.ch\/wp-content\/uploads\/2019\/03\/BLOG_Format_Daniel-Schneitter.jpg 1600w, https:\/\/shiatsuverband.ch\/wp-content\/uploads\/2019\/03\/BLOG_Format_Daniel-Schneitter-300x104.jpg 300w, https:\/\/shiatsuverband.ch\/wp-content\/uploads\/2019\/03\/BLOG_Format_Daniel-Schneitter-768x265.jpg 768w, https:\/\/shiatsuverband.ch\/wp-content\/uploads\/2019\/03\/BLOG_Format_Daniel-Schneitter-1030x355.jpg 1030w, https:\/\/shiatsuverband.ch\/wp-content\/uploads\/2019\/03\/BLOG_Format_Daniel-Schneitter-1500x518.jpg 1500w, https:\/\/shiatsuverband.ch\/wp-content\/uploads\/2019\/03\/BLOG_Format_Daniel-Schneitter-705x243.jpg 705w, https:\/\/shiatsuverband.ch\/wp-content\/uploads\/2019\/03\/BLOG_Format_Daniel-Schneitter-450x155.jpg 450w\" sizes=\"(max-width: 1600px) 100vw, 1600px\" \/><\/div><\/div><\/div>\n<section  class='av_textblock_section av-jtu8eol6-1e420eb538b81920009d18c8d216cc86 '   itemscope=\"itemscope\" itemtype=\"https:\/\/schema.org\/BlogPosting\" itemprop=\"blogPost\" ><div class='avia_textblock'  itemprop=\"text\" ><h1>L\u2019influence fondamentale de l\u2019attitude sur la th\u00e9rapie<\/h1>\n<p><strong>Daniel Schneitter est th\u00e9rapeute compl\u00e9mentaire avec dipl\u00f4me f\u00e9d\u00e9ral dans la m\u00e9thode Shiatsu et enseignant dans la formation de Shiatsu. Le profil professionnel d\u00e9crit de mani\u00e8re th\u00e9orique les comp\u00e9tences op\u00e9rationnelles exig\u00e9es des th\u00e9rapeutes compl\u00e9mentaires dans la m\u00e9thode Shiatsu. Dans cet entretien tr\u00e8s int\u00e9ressant, Daniel explique la mani\u00e8re dont ces comp\u00e9tences se montrent dans la pratique et comment il part en chasse au tr\u00e9sor avec ses clients.<\/strong><\/p>\n<p>Beaucoup de th\u00e9rapeutes se pr\u00e9parent au dipl\u00f4me f\u00e9d\u00e9ral et dans ce contexte, ils \u00e9tudient le profil professionnel de la th\u00e9rapie compl\u00e9mentaire (TC) de mani\u00e8re plus approfondie. Comment les comp\u00e9tences op\u00e9rationnelles exig\u00e9es des th\u00e9rapeutes compl\u00e9mentaires se manifestent-elles dans le travail concret et pratique du Shiatsu ? Nous rencontrons diff\u00e9rentes comp\u00e9tences op\u00e9rationnelles dans le profil professionnel \u2013 quelle est leur signification ?<\/p>\n<p>La comp\u00e9tence op\u00e9rationnelle repr\u00e9sente la somme de tous les moyens d\u2019action d\u2019une personne, refl\u00e8te sa capacit\u00e9 \u00e0 s\u2019organiser pour agir et se comporter correctement dans une situation donn\u00e9e et d\u2019ex\u00e9cuter des t\u00e2ches et des activit\u00e9s professionnelles de mani\u00e8re cibl\u00e9e, ad\u00e9quate, autonome et flexible. La comp\u00e9tence op\u00e9rationnelle est compos\u00e9e de connaissances, d\u2019aptitudes et d\u2019attitudes.<\/p>\n<p><strong>Les connaissances et aptitudes sont tangibles. Mais qu\u2019en est-il des attitudes ?<\/strong><br \/>\nLes attitudes reposent sur des approches, des convictions, des croyances, des opinions, des sentiments, des inclinations, des conditionnements et des valeurs. Elles sont constamment transpos\u00e9es dans nos communications \u00e0 travers notre comportement. Le neurobiologiste Gerald H\u00fcther le d\u00e9crit bien avec les mots suivants :<\/p>\n<blockquote>\n<p>\u00ab Nous ne communiquons jamais ce que nous avons appris \u2013 nous communiquons toujours qui nous sommes. \u00bb<\/p>\n<\/blockquote>\n<p>Inconsciemment, nous communiquons donc constamment nos attitudes, de mani\u00e8re verbale et non verbale. Ceci se r\u00e9percute aussi fortement sur le travail th\u00e9rapeutique.<\/p>\n<p>En tant que th\u00e9rapeutes, nous avons le choix de consid\u00e9rer les troubles de nos clientes et clients comme des handicaps qui doivent \u00eatre soign\u00e9s ou comme un appel \u00e0 la compr\u00e9hension et \u00e0 l\u2019action qui les fera progresser. Ces diff\u00e9rentes attitudes influencent notre travail th\u00e9rapeutique et le processus de l\u2019accompagnement de mani\u00e8re substantielle.<\/p>\n<p>Si nous adoptons un comportement qui est focalis\u00e9 sur le traitement des probl\u00e8mes, il est important de recueillir les informations pertinentes afin de pouvoir donner les impulsions justes qui permettent \u00e0 la situation de changer. Lors d\u2019une telle approche, les th\u00e9rapeutes interviennent \u00e0 titre d\u2019experts dans la \u00ab recherche de d\u00e9faillances \u00bb et les clientes et clients sont plut\u00f4t passifs. Si toutefois nous comprenons la situation d\u2019une personne comme l\u2019expression de sa personnalit\u00e9, nous pouvons l\u2019inviter \u00e0 entrer en contact avec soi-m\u00eame et l\u2019expression physique de son \u00e9tat, un peu comme dans une \u00ab chasse au tr\u00e9sor \u00bb, en portant son attention sur les endroits et les th\u00e8mes qui surgissent. La premi\u00e8re approche correspond plut\u00f4t \u00e0 une attitude pathog\u00e8ne, la deuxi\u00e8me \u00e0 une attitude \u00ab salutog\u00e8ne \u00bb pr\u00e9conis\u00e9e par la th\u00e9rapie compl\u00e9mentaire.<\/p>\n<p><strong>Pouvons-nous changer nos attitudes ?<\/strong><br \/>\nJe voudrais m\u2019appuyer sur mon exp\u00e9rience personnelle et mettre en \u00e9vidence comment j\u2019avais \u00e9t\u00e9 influenc\u00e9 par mes propres attitudes, comment elles se sont transform\u00e9es et comment ceci a modifi\u00e9 mon Shiatsu.<\/p>\n<p>Parmi les fortes motivations de travailler dans le domaine th\u00e9rapeutique, il y avait mon besoin de toucher et mon d\u00e9sir d\u2019aider autrui. J\u2019ai commenc\u00e9 ma formation de th\u00e9rapeute de Shiatsu avec beaucoup d\u2019enthousiasme et d\u2019engagement. Dans les premi\u00e8res ann\u00e9es de ma pratique de Shiatsu, mon approche \u00e9tait plut\u00f4t marqu\u00e9e par la notion du traitement. J\u2019investissais beaucoup de temps et d\u2019int\u00e9r\u00eat dans le d\u00e9veloppement de ma perception, dans l\u2019apprentissage de techniques efficaces et dans la compr\u00e9hension du contexte afin de pouvoir \u00ab aider \u00bb au mieux ma client\u00e8le. Mes questions et bilans visaient \u00e0 trouver l\u2019approche qui promettait un maximum d\u2019efficacit\u00e9. En ce faisant, j\u2019\u00e9tais tr\u00e8s actif et ma client\u00e8le plut\u00f4t passive.<\/p>\n<p>Dans le cas de certaines personnes, cette mani\u00e8re de faire n\u2019apportait toutefois pas le succ\u00e8s d\u00e9sir\u00e9. En parall\u00e8le, en tant que client, je faisais l\u2019exp\u00e9rience de ma r\u00e9action particuli\u00e8rement sensible aux solutions que d\u2019autres me proposaient. Bien que th\u00e9oriquement, leurs solutions me semblaient tout \u00e0 fait justifi\u00e9es, j\u2019avais l\u2019impression d\u2019\u00eatre dans une position de faiblesse au lieu de me sentir fortifi\u00e9. Durant cette p\u00e9riode, j\u2019\u00e9tudiais de mani\u00e8re approfondie les m\u00e9thodes de l\u2019apprentissage coop\u00e9ratif, et je me suis rendu compte que le processus th\u00e9rapeutique \u00e9tait avant tout un processus d\u2019apprentissage. Reprenant une pens\u00e9e de Confucius, ceci veut dire :<\/p>\n<blockquote>\n<p>\u00ab Nous oublions facilement ce qu\u2019on nous explique, nous nous rappelons de ce qu\u2019on nous montre et ce que nous faisons nous-m\u00eames, nous permet de comprendre. \u00bb<\/p>\n<\/blockquote>\n<p>Ceci m\u2019a amen\u00e9 progressivement \u00e0 remettre en question mon r\u00f4le et mon comportement et \u00e0 r\u00e9fl\u00e9chir \u00e0 mon besoin \u00ab d\u2019aider \u00bb.<\/p>\n<p>Une autre attitude murissait en moi. Je commen\u00e7ais \u00e0 comprendre les clientes et clients comme les experts de leur vie. J\u2019ai r\u00e9alis\u00e9 qu\u2019ils portent les solutions \u00e0 leurs probl\u00e8mes d\u00e9j\u00e0 en eux. Je prenais conscience du fait que l\u2019effet d\u2019apprentissage \u00e9tait d\u2019autant plus important et durable qu\u2019ils \u00e9taient en mesure de contribuer activement \u00e0 leur processus. Mon approche a alors consid\u00e9rablement chang\u00e9. Mes questions visaient d\u00e9sormais \u00e0 affiner leur attention et d\u00e9velopper leur conscience.<\/p>\n<p>Je m\u2019inspirais de diff\u00e9rentes techniques de conduite d\u2019entretien issues de la th\u00e9rapie br\u00e8ve orient\u00e9e vers les solutions, de la psychologie transpersonnelle, de l\u2019approche idiolectique et du focusing et j\u2019ai trouv\u00e9 avec le Movement Shiatsu une approche qui exprime cette attitude de mani\u00e8re optimale. Aujourd\u2019hui, la motivation d\u2019aider autrui influence beaucoup moins mon travail.<\/p>\n<p><strong>Les clientes et clients en tant qu\u2019experts de leur vie \u2013 comment cela se manifeste concr\u00e8tement dans le Shiatsu ?<\/strong><br \/>\nNormalement les clientes et clients viennent avec des probl\u00e8mes. Plut\u00f4t que de focaliser sur leur probl\u00e8me, je les invite \u00e0 explorer leurs possibilit\u00e9s. Le fait de d\u2019abord mettre en lumi\u00e8re leurs aptitudes et ressources s\u2019av\u00e8re souvent \u00eatre utile. Je peux par exemple les encourager \u00e0 ressentir les endroits qui leur paraissent forts et stables \u2013 des parties du corps qui les habilitent. Je les laisse explorer ces zones jusqu\u2019\u00e0 leurs limites. A l\u2019image des mar\u00e9es, les crues des aptitudes et ressources atteignent la zone probl\u00e9matique et une puissante dynamique s\u2019installe qui les aide \u00e0 sentir comment g\u00e9rer leurs difficult\u00e9s. Pendant cette exploration, les personnes sont dans un r\u00f4le actif et co-cr\u00e9ateur.<\/p>\n<p>Les solutions que les personnes trouvent par elles-m\u00eames sont toujours tr\u00e8s \u00e9mouvantes et surprenantes. Ces r\u00e9ponses personnelles sont plus facilement r\u00e9alisables, plus pr\u00e9cises et plus durables que celles propos\u00e9es par les th\u00e9rapeutes.<\/p>\n<p><strong>Quelles opportunit\u00e9s offre ce genre de travail th\u00e9rapeutique ?<\/strong><br \/>\nUne approche \u00ab salutog\u00e8ne \u00bb, au sens des bases de la th\u00e9rapie compl\u00e9mentaire, ne devient possible qu\u2019avec une attitude qui accorde \u00e0 nos clientes et clients d\u2019\u00eatre experts de leur vie et qui leur donne la possibilit\u00e9 d\u2019apporter une contribution active au processus th\u00e9rapeutique. Dans la \u00ab salutogen\u00e8se \u00bb \u2013 qui \u00e9tudie la gen\u00e8se de la sant\u00e9 \u2013 la sant\u00e9 est comprise comme un processus dynamique qui se fa\u00e7onne de mani\u00e8re autonome et responsable.<\/p>\n<p><strong>Quelle est l\u2019importance de notre attitude dans le travail th\u00e9rapeutique ?<\/strong><br \/>\nLes attitudes constituent la base \u2013 le fondement de la comp\u00e9tence op\u00e9rationnelle \u2013 sur laquelle les aptitudes et les connaissances pourront v\u00e9ritablement se d\u00e9velopper. Voil\u00e0 pourquoi il me semble essentiel d\u2019\u00eatre pleinement conscient de son attitude et d\u2019y r\u00e9fl\u00e9chir. Ce n\u2019est que lorsque nos connaissances, nos aptitudes et nos attitudes interagissent de mani\u00e8re constructive dans un contexte donn\u00e9 que nous devenons comp\u00e9tents et aptes \u00e0 ma\u00eetriser des situations inattendues et complexes.<\/p>\n<p><strong>Interview : Barbara Ettler<\/strong><\/p>\n<p><strong>Donn\u00e9es biographiques:<\/strong><br \/>\nDaniel Schneitter (46) est th\u00e9rapeute compl\u00e9mentaire avec dipl\u00f4me f\u00e9d\u00e9ral dans la m\u00e9thode Shiatsu. Daniel est enseignant et responsable de la formation d\u2019une institution suisse de Shiatsu.<\/p>\n<\/div><\/section>\n","protected":false},"excerpt":{"rendered":"<p>Daniel Schneitter est th\u00e9rapeute compl\u00e9mentaire avec dipl\u00f4me f\u00e9d\u00e9ral dans la m\u00e9thode Shiatsu et enseignant dans la formation de Shiatsu.<\/p>\n","protected":false},"author":1,"featured_media":5052,"comment_status":"closed","ping_status":"open","sticky":false,"template":"","format":"standard","meta":{"_acf_changed":false,"_monsterinsights_skip_tracking":false,"_monsterinsights_sitenote_active":false,"_monsterinsights_sitenote_note":"","_monsterinsights_sitenote_category":0,"footnotes":""},"categories":[21,36],"tags":[],"class_list":["post-5050","post","type-post","status-publish","format-standard","has-post-thumbnail","hentry","category-methode-2","category-methode-fr"],"acf":[],"yoast_head":"<!-- This site is optimized with the Yoast SEO plugin v27.4 - https:\/\/yoast.com\/product\/yoast-seo-wordpress\/ -->\n<title>Interview avec Daniel Schneitter - Association Suisse de Shiatsu<\/title>\n<meta name=\"description\" content=\"Daniel Schneitter est th\u00e9rapeute compl\u00e9mentaire avec dipl\u00f4me f\u00e9d\u00e9ral dans la m\u00e9thode Shiatsu et enseignant dans la formation de Shiatsu.\" \/>\n<meta name=\"robots\" content=\"index, follow, max-snippet:-1, max-image-preview:large, max-video-preview:-1\" \/>\n<link rel=\"canonical\" href=\"https:\/\/shiatsuverband.ch\/fr\/linfluence-fondamentale-de-lattitude-sur-la-therapie\/\" \/>\n<meta property=\"og:locale\" content=\"fr_FR\" \/>\n<meta property=\"og:type\" content=\"article\" \/>\n<meta property=\"og:title\" content=\"Interview avec Daniel Schneitter - Association Suisse de Shiatsu\" \/>\n<meta property=\"og:description\" content=\"Daniel Schneitter est th\u00e9rapeute compl\u00e9mentaire avec dipl\u00f4me f\u00e9d\u00e9ral dans la m\u00e9thode Shiatsu et enseignant dans la formation de Shiatsu.\" \/>\n<meta property=\"og:url\" content=\"https:\/\/shiatsuverband.ch\/fr\/linfluence-fondamentale-de-lattitude-sur-la-therapie\/\" \/>\n<meta property=\"og:site_name\" content=\"Shiatsu Gesellschaft Schweiz\" \/>\n<meta property=\"article:publisher\" content=\"https:\/\/www.facebook.com\/shiatsugesellschaftschweiz\" \/>\n<meta property=\"article:published_time\" content=\"2018-09-08T06:18:56+00:00\" \/>\n<meta property=\"article:modified_time\" content=\"2019-10-15T10:10:04+00:00\" \/>\n<meta property=\"og:image\" content=\"https:\/\/shiatsuverband.ch\/wp-content\/uploads\/2019\/04\/BLOG_Format_Daniel-Schneitter.jpg\" \/>\n\t<meta property=\"og:image:width\" content=\"1600\" \/>\n\t<meta property=\"og:image:height\" content=\"552\" \/>\n\t<meta property=\"og:image:type\" content=\"image\/jpeg\" \/>\n<meta name=\"author\" content=\"Michael Sutter\" \/>\n<meta name=\"twitter:card\" content=\"summary_large_image\" \/>\n<meta name=\"twitter:label1\" content=\"\u00c9crit par\" \/>\n\t<meta name=\"twitter:data1\" content=\"Michael Sutter\" \/>\n\t<meta name=\"twitter:label2\" content=\"Dur\u00e9e de lecture estim\u00e9e\" \/>\n\t<meta name=\"twitter:data2\" content=\"8 minutes\" \/>\n<script type=\"application\/ld+json\" class=\"yoast-schema-graph\">{\"@context\":\"https:\\\/\\\/schema.org\",\"@graph\":[{\"@type\":\"Article\",\"@id\":\"https:\\\/\\\/shiatsuverband.ch\\\/fr\\\/linfluence-fondamentale-de-lattitude-sur-la-therapie\\\/#article\",\"isPartOf\":{\"@id\":\"https:\\\/\\\/shiatsuverband.ch\\\/fr\\\/linfluence-fondamentale-de-lattitude-sur-la-therapie\\\/\"},\"author\":{\"name\":\"Michael Sutter\",\"@id\":\"https:\\\/\\\/shiatsuverband.ch\\\/fr\\\/#\\\/schema\\\/person\\\/3374c1f2b4ea8f4d29fa432dcd256523\"},\"headline\":\"L\u2019influence fondamentale de l\u2019attitude sur la th\u00e9rapie\",\"datePublished\":\"2018-09-08T06:18:56+00:00\",\"dateModified\":\"2019-10-15T10:10:04+00:00\",\"mainEntityOfPage\":{\"@id\":\"https:\\\/\\\/shiatsuverband.ch\\\/fr\\\/linfluence-fondamentale-de-lattitude-sur-la-therapie\\\/\"},\"wordCount\":1507,\"publisher\":{\"@id\":\"https:\\\/\\\/shiatsuverband.ch\\\/fr\\\/#organization\"},\"image\":{\"@id\":\"https:\\\/\\\/shiatsuverband.ch\\\/fr\\\/linfluence-fondamentale-de-lattitude-sur-la-therapie\\\/#primaryimage\"},\"thumbnailUrl\":\"https:\\\/\\\/shiatsuverband.ch\\\/wp-content\\\/uploads\\\/2019\\\/04\\\/BLOG_Format_Daniel-Schneitter.jpg\",\"articleSection\":[\"M\u00e9thode\",\"Methode\"],\"inLanguage\":\"fr-FR\"},{\"@type\":\"WebPage\",\"@id\":\"https:\\\/\\\/shiatsuverband.ch\\\/fr\\\/linfluence-fondamentale-de-lattitude-sur-la-therapie\\\/\",\"url\":\"https:\\\/\\\/shiatsuverband.ch\\\/fr\\\/linfluence-fondamentale-de-lattitude-sur-la-therapie\\\/\",\"name\":\"Interview avec Daniel Schneitter - Association Suisse de Shiatsu\",\"isPartOf\":{\"@id\":\"https:\\\/\\\/shiatsuverband.ch\\\/fr\\\/#website\"},\"primaryImageOfPage\":{\"@id\":\"https:\\\/\\\/shiatsuverband.ch\\\/fr\\\/linfluence-fondamentale-de-lattitude-sur-la-therapie\\\/#primaryimage\"},\"image\":{\"@id\":\"https:\\\/\\\/shiatsuverband.ch\\\/fr\\\/linfluence-fondamentale-de-lattitude-sur-la-therapie\\\/#primaryimage\"},\"thumbnailUrl\":\"https:\\\/\\\/shiatsuverband.ch\\\/wp-content\\\/uploads\\\/2019\\\/04\\\/BLOG_Format_Daniel-Schneitter.jpg\",\"datePublished\":\"2018-09-08T06:18:56+00:00\",\"dateModified\":\"2019-10-15T10:10:04+00:00\",\"description\":\"Daniel Schneitter est th\u00e9rapeute compl\u00e9mentaire avec dipl\u00f4me f\u00e9d\u00e9ral dans la m\u00e9thode Shiatsu et enseignant dans la formation de Shiatsu.\",\"breadcrumb\":{\"@id\":\"https:\\\/\\\/shiatsuverband.ch\\\/fr\\\/linfluence-fondamentale-de-lattitude-sur-la-therapie\\\/#breadcrumb\"},\"inLanguage\":\"fr-FR\",\"potentialAction\":[{\"@type\":\"ReadAction\",\"target\":[\"https:\\\/\\\/shiatsuverband.ch\\\/fr\\\/linfluence-fondamentale-de-lattitude-sur-la-therapie\\\/\"]}]},{\"@type\":\"ImageObject\",\"inLanguage\":\"fr-FR\",\"@id\":\"https:\\\/\\\/shiatsuverband.ch\\\/fr\\\/linfluence-fondamentale-de-lattitude-sur-la-therapie\\\/#primaryimage\",\"url\":\"https:\\\/\\\/shiatsuverband.ch\\\/wp-content\\\/uploads\\\/2019\\\/04\\\/BLOG_Format_Daniel-Schneitter.jpg\",\"contentUrl\":\"https:\\\/\\\/shiatsuverband.ch\\\/wp-content\\\/uploads\\\/2019\\\/04\\\/BLOG_Format_Daniel-Schneitter.jpg\",\"width\":1600,\"height\":552},{\"@type\":\"BreadcrumbList\",\"@id\":\"https:\\\/\\\/shiatsuverband.ch\\\/fr\\\/linfluence-fondamentale-de-lattitude-sur-la-therapie\\\/#breadcrumb\",\"itemListElement\":[{\"@type\":\"ListItem\",\"position\":1,\"name\":\"Startseite\",\"item\":\"https:\\\/\\\/shiatsuverband.ch\\\/fr\\\/le-shiatsu-une-methode-de-la-therapie-complementaire\\\/\"},{\"@type\":\"ListItem\",\"position\":2,\"name\":\"L\u2019influence fondamentale de l\u2019attitude sur la th\u00e9rapie\"}]},{\"@type\":\"WebSite\",\"@id\":\"https:\\\/\\\/shiatsuverband.ch\\\/fr\\\/#website\",\"url\":\"https:\\\/\\\/shiatsuverband.ch\\\/fr\\\/\",\"name\":\"Shiatsu Gesellschaft Schweiz\",\"description\":\"Shiatsu, eine Methode der Komplement\u00e4rTherapie\",\"publisher\":{\"@id\":\"https:\\\/\\\/shiatsuverband.ch\\\/fr\\\/#organization\"},\"potentialAction\":[{\"@type\":\"SearchAction\",\"target\":{\"@type\":\"EntryPoint\",\"urlTemplate\":\"https:\\\/\\\/shiatsuverband.ch\\\/fr\\\/?s={search_term_string}\"},\"query-input\":{\"@type\":\"PropertyValueSpecification\",\"valueRequired\":true,\"valueName\":\"search_term_string\"}}],\"inLanguage\":\"fr-FR\"},{\"@type\":\"Organization\",\"@id\":\"https:\\\/\\\/shiatsuverband.ch\\\/fr\\\/#organization\",\"name\":\"Shiatsu Gesellschaft Schweiz\",\"url\":\"https:\\\/\\\/shiatsuverband.ch\\\/fr\\\/\",\"logo\":{\"@type\":\"ImageObject\",\"inLanguage\":\"fr-FR\",\"@id\":\"https:\\\/\\\/shiatsuverband.ch\\\/fr\\\/#\\\/schema\\\/logo\\\/image\\\/\",\"url\":\"https:\\\/\\\/shiatsuverband.ch\\\/wp-content\\\/uploads\\\/2019\\\/04\\\/Shiatsuverband_Logo.png\",\"contentUrl\":\"https:\\\/\\\/shiatsuverband.ch\\\/wp-content\\\/uploads\\\/2019\\\/04\\\/Shiatsuverband_Logo.png\",\"width\":387,\"height\":130,\"caption\":\"Shiatsu Gesellschaft Schweiz\"},\"image\":{\"@id\":\"https:\\\/\\\/shiatsuverband.ch\\\/fr\\\/#\\\/schema\\\/logo\\\/image\\\/\"},\"sameAs\":[\"https:\\\/\\\/www.facebook.com\\\/shiatsugesellschaftschweiz\"]},{\"@type\":\"Person\",\"@id\":\"https:\\\/\\\/shiatsuverband.ch\\\/fr\\\/#\\\/schema\\\/person\\\/3374c1f2b4ea8f4d29fa432dcd256523\",\"name\":\"Michael Sutter\",\"image\":{\"@type\":\"ImageObject\",\"inLanguage\":\"fr-FR\",\"@id\":\"https:\\\/\\\/secure.gravatar.com\\\/avatar\\\/804294281b228633206fe6e03e1afcc129e0ed2b456236fdfa66d6296c4eede7?s=96&d=mm&r=g\",\"url\":\"https:\\\/\\\/secure.gravatar.com\\\/avatar\\\/804294281b228633206fe6e03e1afcc129e0ed2b456236fdfa66d6296c4eede7?s=96&d=mm&r=g\",\"contentUrl\":\"https:\\\/\\\/secure.gravatar.com\\\/avatar\\\/804294281b228633206fe6e03e1afcc129e0ed2b456236fdfa66d6296c4eede7?s=96&d=mm&r=g\",\"caption\":\"Michael Sutter\"},\"url\":\"https:\\\/\\\/shiatsuverband.ch\\\/fr\\\/author\\\/m-hoernlimannmichaelh-ch\\\/\"}]}<\/script>\n<!-- \/ Yoast SEO plugin. -->","yoast_head_json":{"title":"Interview avec Daniel Schneitter - Association Suisse de Shiatsu","description":"Daniel Schneitter est th\u00e9rapeute compl\u00e9mentaire avec dipl\u00f4me f\u00e9d\u00e9ral dans la m\u00e9thode Shiatsu et enseignant dans la formation de Shiatsu.","robots":{"index":"index","follow":"follow","max-snippet":"max-snippet:-1","max-image-preview":"max-image-preview:large","max-video-preview":"max-video-preview:-1"},"canonical":"https:\/\/shiatsuverband.ch\/fr\/linfluence-fondamentale-de-lattitude-sur-la-therapie\/","og_locale":"fr_FR","og_type":"article","og_title":"Interview avec Daniel Schneitter - Association Suisse de Shiatsu","og_description":"Daniel Schneitter est th\u00e9rapeute compl\u00e9mentaire avec dipl\u00f4me f\u00e9d\u00e9ral dans la m\u00e9thode Shiatsu et enseignant dans la formation de Shiatsu.","og_url":"https:\/\/shiatsuverband.ch\/fr\/linfluence-fondamentale-de-lattitude-sur-la-therapie\/","og_site_name":"Shiatsu Gesellschaft Schweiz","article_publisher":"https:\/\/www.facebook.com\/shiatsugesellschaftschweiz","article_published_time":"2018-09-08T06:18:56+00:00","article_modified_time":"2019-10-15T10:10:04+00:00","og_image":[{"width":1600,"height":552,"url":"https:\/\/shiatsuverband.ch\/wp-content\/uploads\/2019\/04\/BLOG_Format_Daniel-Schneitter.jpg","type":"image\/jpeg"}],"author":"Michael Sutter","twitter_card":"summary_large_image","twitter_misc":{"\u00c9crit par":"Michael Sutter","Dur\u00e9e de lecture estim\u00e9e":"8 minutes"},"schema":{"@context":"https:\/\/schema.org","@graph":[{"@type":"Article","@id":"https:\/\/shiatsuverband.ch\/fr\/linfluence-fondamentale-de-lattitude-sur-la-therapie\/#article","isPartOf":{"@id":"https:\/\/shiatsuverband.ch\/fr\/linfluence-fondamentale-de-lattitude-sur-la-therapie\/"},"author":{"name":"Michael Sutter","@id":"https:\/\/shiatsuverband.ch\/fr\/#\/schema\/person\/3374c1f2b4ea8f4d29fa432dcd256523"},"headline":"L\u2019influence fondamentale de l\u2019attitude sur la th\u00e9rapie","datePublished":"2018-09-08T06:18:56+00:00","dateModified":"2019-10-15T10:10:04+00:00","mainEntityOfPage":{"@id":"https:\/\/shiatsuverband.ch\/fr\/linfluence-fondamentale-de-lattitude-sur-la-therapie\/"},"wordCount":1507,"publisher":{"@id":"https:\/\/shiatsuverband.ch\/fr\/#organization"},"image":{"@id":"https:\/\/shiatsuverband.ch\/fr\/linfluence-fondamentale-de-lattitude-sur-la-therapie\/#primaryimage"},"thumbnailUrl":"https:\/\/shiatsuverband.ch\/wp-content\/uploads\/2019\/04\/BLOG_Format_Daniel-Schneitter.jpg","articleSection":["M\u00e9thode","Methode"],"inLanguage":"fr-FR"},{"@type":"WebPage","@id":"https:\/\/shiatsuverband.ch\/fr\/linfluence-fondamentale-de-lattitude-sur-la-therapie\/","url":"https:\/\/shiatsuverband.ch\/fr\/linfluence-fondamentale-de-lattitude-sur-la-therapie\/","name":"Interview avec Daniel Schneitter - Association Suisse de Shiatsu","isPartOf":{"@id":"https:\/\/shiatsuverband.ch\/fr\/#website"},"primaryImageOfPage":{"@id":"https:\/\/shiatsuverband.ch\/fr\/linfluence-fondamentale-de-lattitude-sur-la-therapie\/#primaryimage"},"image":{"@id":"https:\/\/shiatsuverband.ch\/fr\/linfluence-fondamentale-de-lattitude-sur-la-therapie\/#primaryimage"},"thumbnailUrl":"https:\/\/shiatsuverband.ch\/wp-content\/uploads\/2019\/04\/BLOG_Format_Daniel-Schneitter.jpg","datePublished":"2018-09-08T06:18:56+00:00","dateModified":"2019-10-15T10:10:04+00:00","description":"Daniel Schneitter est th\u00e9rapeute compl\u00e9mentaire avec dipl\u00f4me f\u00e9d\u00e9ral dans la m\u00e9thode Shiatsu et enseignant dans la formation de Shiatsu.","breadcrumb":{"@id":"https:\/\/shiatsuverband.ch\/fr\/linfluence-fondamentale-de-lattitude-sur-la-therapie\/#breadcrumb"},"inLanguage":"fr-FR","potentialAction":[{"@type":"ReadAction","target":["https:\/\/shiatsuverband.ch\/fr\/linfluence-fondamentale-de-lattitude-sur-la-therapie\/"]}]},{"@type":"ImageObject","inLanguage":"fr-FR","@id":"https:\/\/shiatsuverband.ch\/fr\/linfluence-fondamentale-de-lattitude-sur-la-therapie\/#primaryimage","url":"https:\/\/shiatsuverband.ch\/wp-content\/uploads\/2019\/04\/BLOG_Format_Daniel-Schneitter.jpg","contentUrl":"https:\/\/shiatsuverband.ch\/wp-content\/uploads\/2019\/04\/BLOG_Format_Daniel-Schneitter.jpg","width":1600,"height":552},{"@type":"BreadcrumbList","@id":"https:\/\/shiatsuverband.ch\/fr\/linfluence-fondamentale-de-lattitude-sur-la-therapie\/#breadcrumb","itemListElement":[{"@type":"ListItem","position":1,"name":"Startseite","item":"https:\/\/shiatsuverband.ch\/fr\/le-shiatsu-une-methode-de-la-therapie-complementaire\/"},{"@type":"ListItem","position":2,"name":"L\u2019influence fondamentale de l\u2019attitude sur la th\u00e9rapie"}]},{"@type":"WebSite","@id":"https:\/\/shiatsuverband.ch\/fr\/#website","url":"https:\/\/shiatsuverband.ch\/fr\/","name":"Shiatsu Gesellschaft Schweiz","description":"Shiatsu, eine Methode der Komplement\u00e4rTherapie","publisher":{"@id":"https:\/\/shiatsuverband.ch\/fr\/#organization"},"potentialAction":[{"@type":"SearchAction","target":{"@type":"EntryPoint","urlTemplate":"https:\/\/shiatsuverband.ch\/fr\/?s={search_term_string}"},"query-input":{"@type":"PropertyValueSpecification","valueRequired":true,"valueName":"search_term_string"}}],"inLanguage":"fr-FR"},{"@type":"Organization","@id":"https:\/\/shiatsuverband.ch\/fr\/#organization","name":"Shiatsu Gesellschaft Schweiz","url":"https:\/\/shiatsuverband.ch\/fr\/","logo":{"@type":"ImageObject","inLanguage":"fr-FR","@id":"https:\/\/shiatsuverband.ch\/fr\/#\/schema\/logo\/image\/","url":"https:\/\/shiatsuverband.ch\/wp-content\/uploads\/2019\/04\/Shiatsuverband_Logo.png","contentUrl":"https:\/\/shiatsuverband.ch\/wp-content\/uploads\/2019\/04\/Shiatsuverband_Logo.png","width":387,"height":130,"caption":"Shiatsu Gesellschaft Schweiz"},"image":{"@id":"https:\/\/shiatsuverband.ch\/fr\/#\/schema\/logo\/image\/"},"sameAs":["https:\/\/www.facebook.com\/shiatsugesellschaftschweiz"]},{"@type":"Person","@id":"https:\/\/shiatsuverband.ch\/fr\/#\/schema\/person\/3374c1f2b4ea8f4d29fa432dcd256523","name":"Michael Sutter","image":{"@type":"ImageObject","inLanguage":"fr-FR","@id":"https:\/\/secure.gravatar.com\/avatar\/804294281b228633206fe6e03e1afcc129e0ed2b456236fdfa66d6296c4eede7?s=96&d=mm&r=g","url":"https:\/\/secure.gravatar.com\/avatar\/804294281b228633206fe6e03e1afcc129e0ed2b456236fdfa66d6296c4eede7?s=96&d=mm&r=g","contentUrl":"https:\/\/secure.gravatar.com\/avatar\/804294281b228633206fe6e03e1afcc129e0ed2b456236fdfa66d6296c4eede7?s=96&d=mm&r=g","caption":"Michael Sutter"},"url":"https:\/\/shiatsuverband.ch\/fr\/author\/m-hoernlimannmichaelh-ch\/"}]}},"_links":{"self":[{"href":"https:\/\/shiatsuverband.ch\/fr\/wp-json\/wp\/v2\/posts\/5050","targetHints":{"allow":["GET"]}}],"collection":[{"href":"https:\/\/shiatsuverband.ch\/fr\/wp-json\/wp\/v2\/posts"}],"about":[{"href":"https:\/\/shiatsuverband.ch\/fr\/wp-json\/wp\/v2\/types\/post"}],"author":[{"embeddable":true,"href":"https:\/\/shiatsuverband.ch\/fr\/wp-json\/wp\/v2\/users\/1"}],"replies":[{"embeddable":true,"href":"https:\/\/shiatsuverband.ch\/fr\/wp-json\/wp\/v2\/comments?post=5050"}],"version-history":[{"count":2,"href":"https:\/\/shiatsuverband.ch\/fr\/wp-json\/wp\/v2\/posts\/5050\/revisions"}],"predecessor-version":[{"id":24463,"href":"https:\/\/shiatsuverband.ch\/fr\/wp-json\/wp\/v2\/posts\/5050\/revisions\/24463"}],"wp:featuredmedia":[{"embeddable":true,"href":"https:\/\/shiatsuverband.ch\/fr\/wp-json\/wp\/v2\/media\/5052"}],"wp:attachment":[{"href":"https:\/\/shiatsuverband.ch\/fr\/wp-json\/wp\/v2\/media?parent=5050"}],"wp:term":[{"taxonomy":"category","embeddable":true,"href":"https:\/\/shiatsuverband.ch\/fr\/wp-json\/wp\/v2\/categories?post=5050"},{"taxonomy":"post_tag","embeddable":true,"href":"https:\/\/shiatsuverband.ch\/fr\/wp-json\/wp\/v2\/tags?post=5050"}],"curies":[{"name":"wp","href":"https:\/\/api.w.org\/{rel}","templated":true}]}}