{"id":5139,"date":"2018-03-01T10:44:40","date_gmt":"2018-03-01T09:44:40","guid":{"rendered":"https:\/\/shiatsuverband.ch\/?p=5139"},"modified":"2024-09-07T17:17:23","modified_gmt":"2024-09-07T15:17:23","slug":"job-stress-index-2016-la-jeune-population-active-est-particulierement-exposee-au-stress","status":"publish","type":"post","link":"https:\/\/shiatsuverband.ch\/fr\/job-stress-index-2016-la-jeune-population-active-est-particulierement-exposee-au-stress\/","title":{"rendered":"Job Stress Index 2016 : la jeune population active est particuli\u00e8rement expos\u00e9e au stress"},"content":{"rendered":"\n<style type=\"text\/css\" data-created_by=\"avia_inline_auto\" id=\"style-css-av-jtu6bhqa-ec04b3e36e0287e99de32b02707637c2\">\n.avia-image-container.av-jtu6bhqa-ec04b3e36e0287e99de32b02707637c2 img.avia_image{\nbox-shadow:none;\n}\n.avia-image-container.av-jtu6bhqa-ec04b3e36e0287e99de32b02707637c2 .av-image-caption-overlay-center{\ncolor:#ffffff;\n}\n<\/style>\n<div  class='avia-image-container av-jtu6bhqa-ec04b3e36e0287e99de32b02707637c2 av-styling- avia-align-center  avia-builder-el-0  el_before_av_textblock  avia-builder-el-first '   itemprop=\"image\" itemscope=\"itemscope\" itemtype=\"https:\/\/schema.org\/ImageObject\" ><div class=\"avia-image-container-inner\"><div class=\"avia-image-overlay-wrap\"><img decoding=\"async\" fetchpriority=\"high\" class='wp-image-5140 avia-img-lazy-loading-not-5140 avia_image ' src=\"https:\/\/shiatsuverband.ch\/wp-content\/uploads\/2019\/03\/1_blog_Stress.jpg\" alt='' title='1_blog_Stress'  height=\"552\" width=\"1600\"  itemprop=\"thumbnailUrl\" srcset=\"https:\/\/shiatsuverband.ch\/wp-content\/uploads\/2019\/03\/1_blog_Stress.jpg 1600w, https:\/\/shiatsuverband.ch\/wp-content\/uploads\/2019\/03\/1_blog_Stress-300x104.jpg 300w, https:\/\/shiatsuverband.ch\/wp-content\/uploads\/2019\/03\/1_blog_Stress-768x265.jpg 768w, https:\/\/shiatsuverband.ch\/wp-content\/uploads\/2019\/03\/1_blog_Stress-1030x355.jpg 1030w, https:\/\/shiatsuverband.ch\/wp-content\/uploads\/2019\/03\/1_blog_Stress-1500x518.jpg 1500w, https:\/\/shiatsuverband.ch\/wp-content\/uploads\/2019\/03\/1_blog_Stress-705x243.jpg 705w, https:\/\/shiatsuverband.ch\/wp-content\/uploads\/2019\/03\/1_blog_Stress-450x155.jpg 450w\" sizes=\"(max-width: 1600px) 100vw, 1600px\" \/><\/div><\/div><\/div>\n<section  class='av_textblock_section av-jtu0e64a-deaf3da4cd17b1dcb2af8198f9c0fb8b '   itemscope=\"itemscope\" itemtype=\"https:\/\/schema.org\/BlogPosting\" itemprop=\"blogPost\" ><div class='avia_textblock'  itemprop=\"text\" ><h1>Job Stress Index 2016 : la jeune population active est particuli\u00e8rement expos\u00e9e au stress<\/h1>\n<p>Un nombre croissant de personnes actives se sentent stress\u00e9es et \u00e9puis\u00e9es dans le monde du travail actuel. Selon une \u00e9tude de Promotion Sant\u00e9 Suisse, un quart de la population active n\u2019a pas suffisamment de ressources pour g\u00e9rer les contraintes professionnelles. Les collaboratrices et collaborateurs plus jeunes souffrent le plus d\u2019une baisse de performance.<\/p>\n<p>Le Stress-Monitoring de Promotion Sant\u00e9 Suisse analyse depuis 2014 chaque ann\u00e9e les effets du stress au travail sur la productivit\u00e9 et la sant\u00e9 des personnes actives. Les r\u00e9sultats de la derni\u00e8re \u00e9tude cimentent ceux des deux enqu\u00eates pr\u00e9c\u00e9dentes.<\/p>\n<p><strong>Une personne active sur quatre se sent stress\u00e9e et \u00e9puis\u00e9e<\/strong><br \/>\nL\u2019enqu\u00eate de l\u2019ann\u00e9e 2016 affirme que 25,4% des salari\u00e9-e-s souffrent de stress et d\u2019\u00e9puisement. Ces personnes ne sont donc plus en mesure de r\u00e9agir efficacement au d\u00e9s\u00e9quilibre entre la charge et les exigences du travail. Si on extrapole ce chiffre \u00e0 l\u2019ensemble des salari\u00e9-e-s en Suisse, il s\u2019agirait de 1,3 millions de personnes au total. Presque la moiti\u00e9 des salari\u00e9-e-s (46,3%) figurent dans la zone sensible o\u00f9 les ressources ne suffisent que de justesse pour venir \u00e0 bout des contraintes.<\/p>\n<p><strong>La jeune population active est particuli\u00e8rement expos\u00e9e<\/strong><br \/>\nComme le d\u00e9montre le dernier Index, les jeunes adultes dans la cat\u00e9gorie d\u2019\u00e2ge de 16 \u00e0 24 ans et les adultes de 25 \u00e0 39 ans sont plus touch\u00e9s par le stress que les personnes actives plus \u00e2g\u00e9es. Une des raisons importantes est le fait qu\u2019ils aient beaucoup moins de ressources professionnelles que leurs ain\u00e9s. Au cours de leurs carri\u00e8res, ces derniers ont pu d\u00e9velopper des ressources gr\u00e2ce \u00e0 leurs exp\u00e9riences personnelles. En outre, les collaboratrices et collaborateurs entre 25 et 39 ans sont souvent plus fortement engag\u00e9-e-s dans leurs vies priv\u00e9es d\u00fb \u00e0 la fondation d\u2019une famille, ce qui, de concert avec la charge de travail, peut mener \u00e0 des \u00e9tats d\u2019\u00e9puisement. Les cons\u00e9quences sont des probl\u00e8mes de sant\u00e9 et une baisse de performance. Selon les r\u00e9sultats, cette cat\u00e9gorie d\u2019\u00e2ge pr\u00e9sente une baisse de productivit\u00e9 deux fois plus \u00e9lev\u00e9e que les personnes actives au-dessus de 40 ans. L\u2019enqu\u00eate montre qu\u2019une grande influence revient aussi au taux d\u2019occupation. Ainsi, elle r\u00e9v\u00e8le que les personnes employ\u00e9es \u00e0 plein temps sont plus \u00e9puis\u00e9es que celles employ\u00e9es \u00e0 temps partiel.<\/p>\n<p><strong>Les cadres souffrent moins du stress<\/strong><br \/>\nN\u00e9anmoins, l\u2019Index montre aussi que le personnel sans responsabilit\u00e9s d\u2019encadrement est nettement plus stress\u00e9 que les managers. Gr\u00e2ce \u00e0 leur position et leurs responsabilit\u00e9s, les cadres ont une marge de man\u0153uvre beaucoup plus importante, moyen pr\u00e9cieux pour pouvoir compenser des contraintes. Une autre ressource importante est la grande confiance dans leurs capacit\u00e9s personnelles. Les cadres sont plus aptes \u00e0 g\u00e9rer les contraintes et, de ce fait, se sentent en meilleur sant\u00e9 et sont moins absents pour cause de maladie que le personnel employ\u00e9. Mais l\u2019\u00e9quation suivante est aussi valable pour les managers : plus le rapport entre les contraintes et les ressources est d\u00e9s\u00e9quilibr\u00e9, plus les personnes sont \u00e9puis\u00e9es.<\/p>\n<p><strong>Le stress co\u00fbte les entreprises environ CHF 5,7 milliards par an<\/strong><br \/>\nLes collaboratrices et collaborateurs stress\u00e9s et \u00e9puis\u00e9s s\u2019absentent plus souvent du lieu de travail (absent\u00e9isme). Ils font aussi preuve d\u2019une plus forte baisse de performance li\u00e9e \u00e0 la sant\u00e9, et malgr\u00e9 leur pr\u00e9sence au travail, ils n\u2019arrivent pas \u00e0 maintenir leur niveau habituel de performance (pr\u00e9sent\u00e9isme). Dans ce contexte, les pertes pour les employeurs suisses en 2016 ont \u00e9t\u00e9 estim\u00e9es \u00e0 CHF 5,7 milliards. De l\u2019argent qui aurait pu \u00eatre plac\u00e9 ailleurs avec un personnel en bonne sant\u00e9 et pleinement op\u00e9rationnel.<\/p>\n<p><strong>Qu\u2019est-ce que le Job Stress Index ?<\/strong><br \/>\nPromotion Sant\u00e9 Suisse publie le Job Stress Index sous forme d\u2019une \u00e9tude scientifique avec le soutien de l\u2019Universit\u00e9 de Berne et de la HES en Sciences appliqu\u00e9es de Zurich. Le Stress-Monitoring rel\u00e8ve annuellement trois indicateurs qui mettent en \u00e9vidence les cons\u00e9quences du stress au travail sur la sant\u00e9 et la productivit\u00e9 des personnes actives : le Job Stress Index, la part d\u2019individus \u00e9puis\u00e9s et le potentiel \u00e9conomique li\u00e9 \u00e0 une am\u00e9lioration des conditions de travail par rapport au stress. L\u2019enqu\u00eate 2016 confirme les r\u00e9sultats des deux enqu\u00eates pr\u00e9c\u00e9dentes.<\/p>\n<p><strong>Informations suppl\u00e9mentaires :<\/strong><br \/>\n<a href=\"https:\/\/promotionsante.ch\/assets\/public\/documents\/fr\/5-grundlagen\/publikationen\/bgm\/faktenblaetter\/Feuille_d_information_017_PSCH_2016-08_-_Job_Stress_Index_2016.pdf\">_ Feuille d\u2019information Job Stress Index 2016 (PDF)<\/a><\/p>\n<p><strong>Autres contributions concernant ce th\u00e8me :<\/strong><br \/>\n<a href=\"https:\/\/shiatsuverband.ch\/fr\/quest-ce-que-le-stress\/\">_ Qu\u2019est-ce que le stress ?<\/a><br \/>\n<a href=\"https:\/\/shiatsuverband.ch\/fr\/exemple-pratique-shiatsu-et-stress\/\">_ Exemple pratique : Shiatsu et stress<\/a><br \/>\n<a href=\"https:\/\/shiatsuverband.ch\/fr\/une-etude-actuelle-le-confirme-le-shiatsu-aide-a-soulager-le-stress\/\">_ le Shiatsu aide \u00e0 soulager le stress<\/a><\/p>\n<\/div><\/section>\n","protected":false},"excerpt":{"rendered":"<p>Un nombre croissant de personnes actives se sentent stress\u00e9es et \u00e9puis\u00e9es dans le monde du travail actuel. Selon une \u00e9tude de Promotion Sant\u00e9 Suisse, un quart de la population active n\u2019a pas suffisamment de ressources pour g\u00e9rer les contraintes professionnelles.<\/p>\n","protected":false},"author":1,"featured_media":5141,"comment_status":"closed","ping_status":"open","sticky":false,"template":"","format":"standard","meta":{"_acf_changed":false,"_monsterinsights_skip_tracking":false,"_monsterinsights_sitenote_active":false,"_monsterinsights_sitenote_note":"","_monsterinsights_sitenote_category":0,"footnotes":""},"categories":[20,53],"tags":[],"class_list":["post-5139","post","type-post","status-publish","format-standard","has-post-thumbnail","hentry","category-pratique","category-praxis-fr"],"acf":[],"yoast_head":"<!-- This site is optimized with the Yoast SEO plugin v27.4 - https:\/\/yoast.com\/product\/yoast-seo-wordpress\/ -->\n<title>Job Stress Index 2016 - Association Suisse de Shiatsu<\/title>\n<meta name=\"description\" content=\"Un nombre croissant de personnes actives se sentent stress\u00e9es et \u00e9puis\u00e9es dans le monde du travail actuel. Selon une \u00e9tude de Promotion Sant\u00e9 Suisse...\" \/>\n<meta name=\"robots\" content=\"index, follow, max-snippet:-1, max-image-preview:large, max-video-preview:-1\" \/>\n<link rel=\"canonical\" href=\"https:\/\/shiatsuverband.ch\/fr\/job-stress-index-2016-la-jeune-population-active-est-particulierement-exposee-au-stress\/\" \/>\n<meta property=\"og:locale\" content=\"fr_FR\" \/>\n<meta property=\"og:type\" content=\"article\" \/>\n<meta property=\"og:title\" content=\"Job Stress Index 2016 - Association Suisse de Shiatsu\" \/>\n<meta property=\"og:description\" content=\"Un nombre croissant de personnes actives se sentent stress\u00e9es et \u00e9puis\u00e9es dans le monde du travail actuel. Selon une \u00e9tude de Promotion Sant\u00e9 Suisse...\" \/>\n<meta property=\"og:url\" content=\"https:\/\/shiatsuverband.ch\/fr\/job-stress-index-2016-la-jeune-population-active-est-particulierement-exposee-au-stress\/\" \/>\n<meta property=\"og:site_name\" content=\"Shiatsu Gesellschaft Schweiz\" \/>\n<meta property=\"article:publisher\" content=\"https:\/\/www.facebook.com\/shiatsugesellschaftschweiz\" \/>\n<meta property=\"article:published_time\" content=\"2018-03-01T09:44:40+00:00\" \/>\n<meta property=\"article:modified_time\" content=\"2024-09-07T15:17:23+00:00\" \/>\n<meta property=\"og:image\" content=\"https:\/\/shiatsuverband.ch\/wp-content\/uploads\/2019\/04\/1_blog_Stress.jpg\" \/>\n\t<meta property=\"og:image:width\" content=\"1600\" \/>\n\t<meta property=\"og:image:height\" content=\"552\" \/>\n\t<meta property=\"og:image:type\" content=\"image\/jpeg\" \/>\n<meta name=\"author\" content=\"Michael Sutter\" \/>\n<meta name=\"twitter:card\" content=\"summary_large_image\" \/>\n<meta name=\"twitter:label1\" content=\"\u00c9crit par\" \/>\n\t<meta name=\"twitter:data1\" content=\"Michael Sutter\" \/>\n\t<meta name=\"twitter:label2\" content=\"Dur\u00e9e de lecture estim\u00e9e\" \/>\n\t<meta name=\"twitter:data2\" content=\"5 minutes\" \/>\n<script type=\"application\/ld+json\" class=\"yoast-schema-graph\">{\"@context\":\"https:\\\/\\\/schema.org\",\"@graph\":[{\"@type\":\"Article\",\"@id\":\"https:\\\/\\\/shiatsuverband.ch\\\/fr\\\/job-stress-index-2016-la-jeune-population-active-est-particulierement-exposee-au-stress\\\/#article\",\"isPartOf\":{\"@id\":\"https:\\\/\\\/shiatsuverband.ch\\\/fr\\\/job-stress-index-2016-la-jeune-population-active-est-particulierement-exposee-au-stress\\\/\"},\"author\":{\"name\":\"Michael Sutter\",\"@id\":\"https:\\\/\\\/shiatsuverband.ch\\\/fr\\\/#\\\/schema\\\/person\\\/3374c1f2b4ea8f4d29fa432dcd256523\"},\"headline\":\"Job Stress Index 2016 : la jeune population active est particuli\u00e8rement expos\u00e9e au stress\",\"datePublished\":\"2018-03-01T09:44:40+00:00\",\"dateModified\":\"2024-09-07T15:17:23+00:00\",\"mainEntityOfPage\":{\"@id\":\"https:\\\/\\\/shiatsuverband.ch\\\/fr\\\/job-stress-index-2016-la-jeune-population-active-est-particulierement-exposee-au-stress\\\/\"},\"wordCount\":925,\"publisher\":{\"@id\":\"https:\\\/\\\/shiatsuverband.ch\\\/fr\\\/#organization\"},\"image\":{\"@id\":\"https:\\\/\\\/shiatsuverband.ch\\\/fr\\\/job-stress-index-2016-la-jeune-population-active-est-particulierement-exposee-au-stress\\\/#primaryimage\"},\"thumbnailUrl\":\"https:\\\/\\\/shiatsuverband.ch\\\/wp-content\\\/uploads\\\/2019\\\/04\\\/1_blog_Stress.jpg\",\"articleSection\":[\"Pratique\",\"Praxis\"],\"inLanguage\":\"fr-FR\"},{\"@type\":\"WebPage\",\"@id\":\"https:\\\/\\\/shiatsuverband.ch\\\/fr\\\/job-stress-index-2016-la-jeune-population-active-est-particulierement-exposee-au-stress\\\/\",\"url\":\"https:\\\/\\\/shiatsuverband.ch\\\/fr\\\/job-stress-index-2016-la-jeune-population-active-est-particulierement-exposee-au-stress\\\/\",\"name\":\"Job Stress Index 2016 - Association Suisse de Shiatsu\",\"isPartOf\":{\"@id\":\"https:\\\/\\\/shiatsuverband.ch\\\/fr\\\/#website\"},\"primaryImageOfPage\":{\"@id\":\"https:\\\/\\\/shiatsuverband.ch\\\/fr\\\/job-stress-index-2016-la-jeune-population-active-est-particulierement-exposee-au-stress\\\/#primaryimage\"},\"image\":{\"@id\":\"https:\\\/\\\/shiatsuverband.ch\\\/fr\\\/job-stress-index-2016-la-jeune-population-active-est-particulierement-exposee-au-stress\\\/#primaryimage\"},\"thumbnailUrl\":\"https:\\\/\\\/shiatsuverband.ch\\\/wp-content\\\/uploads\\\/2019\\\/04\\\/1_blog_Stress.jpg\",\"datePublished\":\"2018-03-01T09:44:40+00:00\",\"dateModified\":\"2024-09-07T15:17:23+00:00\",\"description\":\"Un nombre croissant de personnes actives se sentent stress\u00e9es et \u00e9puis\u00e9es dans le monde du travail actuel. Selon une \u00e9tude de Promotion Sant\u00e9 Suisse...\",\"breadcrumb\":{\"@id\":\"https:\\\/\\\/shiatsuverband.ch\\\/fr\\\/job-stress-index-2016-la-jeune-population-active-est-particulierement-exposee-au-stress\\\/#breadcrumb\"},\"inLanguage\":\"fr-FR\",\"potentialAction\":[{\"@type\":\"ReadAction\",\"target\":[\"https:\\\/\\\/shiatsuverband.ch\\\/fr\\\/job-stress-index-2016-la-jeune-population-active-est-particulierement-exposee-au-stress\\\/\"]}]},{\"@type\":\"ImageObject\",\"inLanguage\":\"fr-FR\",\"@id\":\"https:\\\/\\\/shiatsuverband.ch\\\/fr\\\/job-stress-index-2016-la-jeune-population-active-est-particulierement-exposee-au-stress\\\/#primaryimage\",\"url\":\"https:\\\/\\\/shiatsuverband.ch\\\/wp-content\\\/uploads\\\/2019\\\/04\\\/1_blog_Stress.jpg\",\"contentUrl\":\"https:\\\/\\\/shiatsuverband.ch\\\/wp-content\\\/uploads\\\/2019\\\/04\\\/1_blog_Stress.jpg\",\"width\":1600,\"height\":552},{\"@type\":\"BreadcrumbList\",\"@id\":\"https:\\\/\\\/shiatsuverband.ch\\\/fr\\\/job-stress-index-2016-la-jeune-population-active-est-particulierement-exposee-au-stress\\\/#breadcrumb\",\"itemListElement\":[{\"@type\":\"ListItem\",\"position\":1,\"name\":\"Startseite\",\"item\":\"https:\\\/\\\/shiatsuverband.ch\\\/fr\\\/le-shiatsu-une-methode-de-la-therapie-complementaire\\\/\"},{\"@type\":\"ListItem\",\"position\":2,\"name\":\"Job Stress Index 2016 : la jeune population active est particuli\u00e8rement expos\u00e9e au stress\"}]},{\"@type\":\"WebSite\",\"@id\":\"https:\\\/\\\/shiatsuverband.ch\\\/fr\\\/#website\",\"url\":\"https:\\\/\\\/shiatsuverband.ch\\\/fr\\\/\",\"name\":\"Shiatsu Gesellschaft Schweiz\",\"description\":\"Shiatsu, eine Methode der Komplement\u00e4rTherapie\",\"publisher\":{\"@id\":\"https:\\\/\\\/shiatsuverband.ch\\\/fr\\\/#organization\"},\"potentialAction\":[{\"@type\":\"SearchAction\",\"target\":{\"@type\":\"EntryPoint\",\"urlTemplate\":\"https:\\\/\\\/shiatsuverband.ch\\\/fr\\\/?s={search_term_string}\"},\"query-input\":{\"@type\":\"PropertyValueSpecification\",\"valueRequired\":true,\"valueName\":\"search_term_string\"}}],\"inLanguage\":\"fr-FR\"},{\"@type\":\"Organization\",\"@id\":\"https:\\\/\\\/shiatsuverband.ch\\\/fr\\\/#organization\",\"name\":\"Shiatsu Gesellschaft Schweiz\",\"url\":\"https:\\\/\\\/shiatsuverband.ch\\\/fr\\\/\",\"logo\":{\"@type\":\"ImageObject\",\"inLanguage\":\"fr-FR\",\"@id\":\"https:\\\/\\\/shiatsuverband.ch\\\/fr\\\/#\\\/schema\\\/logo\\\/image\\\/\",\"url\":\"https:\\\/\\\/shiatsuverband.ch\\\/wp-content\\\/uploads\\\/2019\\\/04\\\/Shiatsuverband_Logo.png\",\"contentUrl\":\"https:\\\/\\\/shiatsuverband.ch\\\/wp-content\\\/uploads\\\/2019\\\/04\\\/Shiatsuverband_Logo.png\",\"width\":387,\"height\":130,\"caption\":\"Shiatsu Gesellschaft Schweiz\"},\"image\":{\"@id\":\"https:\\\/\\\/shiatsuverband.ch\\\/fr\\\/#\\\/schema\\\/logo\\\/image\\\/\"},\"sameAs\":[\"https:\\\/\\\/www.facebook.com\\\/shiatsugesellschaftschweiz\"]},{\"@type\":\"Person\",\"@id\":\"https:\\\/\\\/shiatsuverband.ch\\\/fr\\\/#\\\/schema\\\/person\\\/3374c1f2b4ea8f4d29fa432dcd256523\",\"name\":\"Michael Sutter\",\"image\":{\"@type\":\"ImageObject\",\"inLanguage\":\"fr-FR\",\"@id\":\"https:\\\/\\\/secure.gravatar.com\\\/avatar\\\/804294281b228633206fe6e03e1afcc129e0ed2b456236fdfa66d6296c4eede7?s=96&d=mm&r=g\",\"url\":\"https:\\\/\\\/secure.gravatar.com\\\/avatar\\\/804294281b228633206fe6e03e1afcc129e0ed2b456236fdfa66d6296c4eede7?s=96&d=mm&r=g\",\"contentUrl\":\"https:\\\/\\\/secure.gravatar.com\\\/avatar\\\/804294281b228633206fe6e03e1afcc129e0ed2b456236fdfa66d6296c4eede7?s=96&d=mm&r=g\",\"caption\":\"Michael Sutter\"},\"url\":\"https:\\\/\\\/shiatsuverband.ch\\\/fr\\\/author\\\/m-hoernlimannmichaelh-ch\\\/\"}]}<\/script>\n<!-- \/ Yoast SEO plugin. -->","yoast_head_json":{"title":"Job Stress Index 2016 - Association Suisse de Shiatsu","description":"Un nombre croissant de personnes actives se sentent stress\u00e9es et \u00e9puis\u00e9es dans le monde du travail actuel. Selon une \u00e9tude de Promotion Sant\u00e9 Suisse...","robots":{"index":"index","follow":"follow","max-snippet":"max-snippet:-1","max-image-preview":"max-image-preview:large","max-video-preview":"max-video-preview:-1"},"canonical":"https:\/\/shiatsuverband.ch\/fr\/job-stress-index-2016-la-jeune-population-active-est-particulierement-exposee-au-stress\/","og_locale":"fr_FR","og_type":"article","og_title":"Job Stress Index 2016 - Association Suisse de Shiatsu","og_description":"Un nombre croissant de personnes actives se sentent stress\u00e9es et \u00e9puis\u00e9es dans le monde du travail actuel. Selon une \u00e9tude de Promotion Sant\u00e9 Suisse...","og_url":"https:\/\/shiatsuverband.ch\/fr\/job-stress-index-2016-la-jeune-population-active-est-particulierement-exposee-au-stress\/","og_site_name":"Shiatsu Gesellschaft Schweiz","article_publisher":"https:\/\/www.facebook.com\/shiatsugesellschaftschweiz","article_published_time":"2018-03-01T09:44:40+00:00","article_modified_time":"2024-09-07T15:17:23+00:00","og_image":[{"width":1600,"height":552,"url":"https:\/\/shiatsuverband.ch\/wp-content\/uploads\/2019\/04\/1_blog_Stress.jpg","type":"image\/jpeg"}],"author":"Michael Sutter","twitter_card":"summary_large_image","twitter_misc":{"\u00c9crit par":"Michael Sutter","Dur\u00e9e de lecture estim\u00e9e":"5 minutes"},"schema":{"@context":"https:\/\/schema.org","@graph":[{"@type":"Article","@id":"https:\/\/shiatsuverband.ch\/fr\/job-stress-index-2016-la-jeune-population-active-est-particulierement-exposee-au-stress\/#article","isPartOf":{"@id":"https:\/\/shiatsuverband.ch\/fr\/job-stress-index-2016-la-jeune-population-active-est-particulierement-exposee-au-stress\/"},"author":{"name":"Michael Sutter","@id":"https:\/\/shiatsuverband.ch\/fr\/#\/schema\/person\/3374c1f2b4ea8f4d29fa432dcd256523"},"headline":"Job Stress Index 2016 : la jeune population active est particuli\u00e8rement expos\u00e9e au stress","datePublished":"2018-03-01T09:44:40+00:00","dateModified":"2024-09-07T15:17:23+00:00","mainEntityOfPage":{"@id":"https:\/\/shiatsuverband.ch\/fr\/job-stress-index-2016-la-jeune-population-active-est-particulierement-exposee-au-stress\/"},"wordCount":925,"publisher":{"@id":"https:\/\/shiatsuverband.ch\/fr\/#organization"},"image":{"@id":"https:\/\/shiatsuverband.ch\/fr\/job-stress-index-2016-la-jeune-population-active-est-particulierement-exposee-au-stress\/#primaryimage"},"thumbnailUrl":"https:\/\/shiatsuverband.ch\/wp-content\/uploads\/2019\/04\/1_blog_Stress.jpg","articleSection":["Pratique","Praxis"],"inLanguage":"fr-FR"},{"@type":"WebPage","@id":"https:\/\/shiatsuverband.ch\/fr\/job-stress-index-2016-la-jeune-population-active-est-particulierement-exposee-au-stress\/","url":"https:\/\/shiatsuverband.ch\/fr\/job-stress-index-2016-la-jeune-population-active-est-particulierement-exposee-au-stress\/","name":"Job Stress Index 2016 - Association Suisse de Shiatsu","isPartOf":{"@id":"https:\/\/shiatsuverband.ch\/fr\/#website"},"primaryImageOfPage":{"@id":"https:\/\/shiatsuverband.ch\/fr\/job-stress-index-2016-la-jeune-population-active-est-particulierement-exposee-au-stress\/#primaryimage"},"image":{"@id":"https:\/\/shiatsuverband.ch\/fr\/job-stress-index-2016-la-jeune-population-active-est-particulierement-exposee-au-stress\/#primaryimage"},"thumbnailUrl":"https:\/\/shiatsuverband.ch\/wp-content\/uploads\/2019\/04\/1_blog_Stress.jpg","datePublished":"2018-03-01T09:44:40+00:00","dateModified":"2024-09-07T15:17:23+00:00","description":"Un nombre croissant de personnes actives se sentent stress\u00e9es et \u00e9puis\u00e9es dans le monde du travail actuel. Selon une \u00e9tude de Promotion Sant\u00e9 Suisse...","breadcrumb":{"@id":"https:\/\/shiatsuverband.ch\/fr\/job-stress-index-2016-la-jeune-population-active-est-particulierement-exposee-au-stress\/#breadcrumb"},"inLanguage":"fr-FR","potentialAction":[{"@type":"ReadAction","target":["https:\/\/shiatsuverband.ch\/fr\/job-stress-index-2016-la-jeune-population-active-est-particulierement-exposee-au-stress\/"]}]},{"@type":"ImageObject","inLanguage":"fr-FR","@id":"https:\/\/shiatsuverband.ch\/fr\/job-stress-index-2016-la-jeune-population-active-est-particulierement-exposee-au-stress\/#primaryimage","url":"https:\/\/shiatsuverband.ch\/wp-content\/uploads\/2019\/04\/1_blog_Stress.jpg","contentUrl":"https:\/\/shiatsuverband.ch\/wp-content\/uploads\/2019\/04\/1_blog_Stress.jpg","width":1600,"height":552},{"@type":"BreadcrumbList","@id":"https:\/\/shiatsuverband.ch\/fr\/job-stress-index-2016-la-jeune-population-active-est-particulierement-exposee-au-stress\/#breadcrumb","itemListElement":[{"@type":"ListItem","position":1,"name":"Startseite","item":"https:\/\/shiatsuverband.ch\/fr\/le-shiatsu-une-methode-de-la-therapie-complementaire\/"},{"@type":"ListItem","position":2,"name":"Job Stress Index 2016 : la jeune population active est particuli\u00e8rement expos\u00e9e au stress"}]},{"@type":"WebSite","@id":"https:\/\/shiatsuverband.ch\/fr\/#website","url":"https:\/\/shiatsuverband.ch\/fr\/","name":"Shiatsu Gesellschaft Schweiz","description":"Shiatsu, eine Methode der Komplement\u00e4rTherapie","publisher":{"@id":"https:\/\/shiatsuverband.ch\/fr\/#organization"},"potentialAction":[{"@type":"SearchAction","target":{"@type":"EntryPoint","urlTemplate":"https:\/\/shiatsuverband.ch\/fr\/?s={search_term_string}"},"query-input":{"@type":"PropertyValueSpecification","valueRequired":true,"valueName":"search_term_string"}}],"inLanguage":"fr-FR"},{"@type":"Organization","@id":"https:\/\/shiatsuverband.ch\/fr\/#organization","name":"Shiatsu Gesellschaft Schweiz","url":"https:\/\/shiatsuverband.ch\/fr\/","logo":{"@type":"ImageObject","inLanguage":"fr-FR","@id":"https:\/\/shiatsuverband.ch\/fr\/#\/schema\/logo\/image\/","url":"https:\/\/shiatsuverband.ch\/wp-content\/uploads\/2019\/04\/Shiatsuverband_Logo.png","contentUrl":"https:\/\/shiatsuverband.ch\/wp-content\/uploads\/2019\/04\/Shiatsuverband_Logo.png","width":387,"height":130,"caption":"Shiatsu Gesellschaft Schweiz"},"image":{"@id":"https:\/\/shiatsuverband.ch\/fr\/#\/schema\/logo\/image\/"},"sameAs":["https:\/\/www.facebook.com\/shiatsugesellschaftschweiz"]},{"@type":"Person","@id":"https:\/\/shiatsuverband.ch\/fr\/#\/schema\/person\/3374c1f2b4ea8f4d29fa432dcd256523","name":"Michael Sutter","image":{"@type":"ImageObject","inLanguage":"fr-FR","@id":"https:\/\/secure.gravatar.com\/avatar\/804294281b228633206fe6e03e1afcc129e0ed2b456236fdfa66d6296c4eede7?s=96&d=mm&r=g","url":"https:\/\/secure.gravatar.com\/avatar\/804294281b228633206fe6e03e1afcc129e0ed2b456236fdfa66d6296c4eede7?s=96&d=mm&r=g","contentUrl":"https:\/\/secure.gravatar.com\/avatar\/804294281b228633206fe6e03e1afcc129e0ed2b456236fdfa66d6296c4eede7?s=96&d=mm&r=g","caption":"Michael Sutter"},"url":"https:\/\/shiatsuverband.ch\/fr\/author\/m-hoernlimannmichaelh-ch\/"}]}},"_links":{"self":[{"href":"https:\/\/shiatsuverband.ch\/fr\/wp-json\/wp\/v2\/posts\/5139","targetHints":{"allow":["GET"]}}],"collection":[{"href":"https:\/\/shiatsuverband.ch\/fr\/wp-json\/wp\/v2\/posts"}],"about":[{"href":"https:\/\/shiatsuverband.ch\/fr\/wp-json\/wp\/v2\/types\/post"}],"author":[{"embeddable":true,"href":"https:\/\/shiatsuverband.ch\/fr\/wp-json\/wp\/v2\/users\/1"}],"replies":[{"embeddable":true,"href":"https:\/\/shiatsuverband.ch\/fr\/wp-json\/wp\/v2\/comments?post=5139"}],"version-history":[{"count":5,"href":"https:\/\/shiatsuverband.ch\/fr\/wp-json\/wp\/v2\/posts\/5139\/revisions"}],"predecessor-version":[{"id":102934,"href":"https:\/\/shiatsuverband.ch\/fr\/wp-json\/wp\/v2\/posts\/5139\/revisions\/102934"}],"wp:featuredmedia":[{"embeddable":true,"href":"https:\/\/shiatsuverband.ch\/fr\/wp-json\/wp\/v2\/media\/5141"}],"wp:attachment":[{"href":"https:\/\/shiatsuverband.ch\/fr\/wp-json\/wp\/v2\/media?parent=5139"}],"wp:term":[{"taxonomy":"category","embeddable":true,"href":"https:\/\/shiatsuverband.ch\/fr\/wp-json\/wp\/v2\/categories?post=5139"},{"taxonomy":"post_tag","embeddable":true,"href":"https:\/\/shiatsuverband.ch\/fr\/wp-json\/wp\/v2\/tags?post=5139"}],"curies":[{"name":"wp","href":"https:\/\/api.w.org\/{rel}","templated":true}]}}