{"id":63428,"date":"2022-02-22T12:25:52","date_gmt":"2022-02-22T11:25:52","guid":{"rendered":"https:\/\/shiatsuverband.ch\/?p=63428"},"modified":"2022-04-19T14:06:46","modified_gmt":"2022-04-19T12:06:46","slug":"le-shiatsu-pour-les-bebes","status":"publish","type":"post","link":"https:\/\/shiatsuverband.ch\/fr\/le-shiatsu-pour-les-bebes\/","title":{"rendered":"Le Shiatsu chez le nourrisson : \u00eatre l\u00e0 quand c&rsquo;est difficile"},"content":{"rendered":"\n<style type=\"text\/css\" data-created_by=\"avia_inline_auto\" id=\"style-css-av-k0f7b5nc-ac5ff6d0db7e0034234360c00ca5fa05\">\n.avia-image-container.av-k0f7b5nc-ac5ff6d0db7e0034234360c00ca5fa05 img.avia_image{\nbox-shadow:none;\n}\n.avia-image-container.av-k0f7b5nc-ac5ff6d0db7e0034234360c00ca5fa05 .av-image-caption-overlay-center{\ncolor:#ffffff;\n}\n<\/style>\n<div  class='avia-image-container av-k0f7b5nc-ac5ff6d0db7e0034234360c00ca5fa05 av-styling- avia-align-center  avia-builder-el-0  el_before_av_textblock  avia-builder-el-first '   itemprop=\"image\" itemscope=\"itemscope\" itemtype=\"https:\/\/schema.org\/ImageObject\" ><div class=\"avia-image-container-inner\"><div class=\"avia-image-overlay-wrap\"><img decoding=\"async\" fetchpriority=\"high\" class='wp-image-63420 avia-img-lazy-loading-not-63420 avia_image ' src=\"https:\/\/shiatsuverband.ch\/wp-content\/uploads\/2022\/02\/Blog_Anpassungsstorung_Baby.jpg\" alt='' title='Vorlage_Hintergrund_Blog'  height=\"552\" width=\"1600\"  itemprop=\"thumbnailUrl\" srcset=\"https:\/\/shiatsuverband.ch\/wp-content\/uploads\/2022\/02\/Blog_Anpassungsstorung_Baby.jpg 1600w, https:\/\/shiatsuverband.ch\/wp-content\/uploads\/2022\/02\/Blog_Anpassungsstorung_Baby-300x104.jpg 300w, https:\/\/shiatsuverband.ch\/wp-content\/uploads\/2022\/02\/Blog_Anpassungsstorung_Baby-1030x355.jpg 1030w, https:\/\/shiatsuverband.ch\/wp-content\/uploads\/2022\/02\/Blog_Anpassungsstorung_Baby-768x265.jpg 768w, https:\/\/shiatsuverband.ch\/wp-content\/uploads\/2022\/02\/Blog_Anpassungsstorung_Baby-1536x530.jpg 1536w, https:\/\/shiatsuverband.ch\/wp-content\/uploads\/2022\/02\/Blog_Anpassungsstorung_Baby-1500x518.jpg 1500w, https:\/\/shiatsuverband.ch\/wp-content\/uploads\/2022\/02\/Blog_Anpassungsstorung_Baby-705x243.jpg 705w\" sizes=\"(max-width: 1600px) 100vw, 1600px\" \/><\/div><\/div><\/div>\n<section  class='av_textblock_section av-k0f7brzh-b23ee3d310ff44add52545dd72e082be '   itemscope=\"itemscope\" itemtype=\"https:\/\/schema.org\/BlogPosting\" itemprop=\"blogPost\" ><div class='avia_textblock'  itemprop=\"text\" ><h1>Le Shiatsu chez le nourrisson : \u00eatre l\u00e0 quand c&rsquo;est difficile<\/h1>\n<p>La naissance d&rsquo;un enfant est source de joie, de bonheur et de changement. Les semaines et mois qui suivent la naissance peuvent toutefois \u00eatre \u00e9prouvants pour les parents et le nouveau-n\u00e9 : le manque de sommeil, les pleurs de l&rsquo;enfant, les coliques, la nouvelle situation de vie, mais aussi les changements hormonaux chez la m\u00e8re peuvent peser lourd dans la balance. Ce contexte peut entra\u00eener un certain \u00e9puisement et parfois m\u00eame de la tristesse ou un sentiment d&rsquo;impuissance. Sans compter que le b\u00e9b\u00e9 traverse de grandes \u00e9tapes de d\u00e9veloppement, qui ne se d\u00e9roulent pas toujours sans heurts.<\/p>\n<p><em>Sabine Bannwart<\/em><\/p>\n<\/div><\/section>\n<section  class='av_textblock_section av-kzy10u7n-d4e20d626dc872ade887f6fd0fb568dc '   itemscope=\"itemscope\" itemtype=\"https:\/\/schema.org\/BlogPosting\" itemprop=\"blogPost\" ><div class='avia_textblock'  itemprop=\"text\" ><p>Lors de traitements Shiatsu pour b\u00e9b\u00e9s et jeunes enfants, je tiens compte du fait que leur syst\u00e8me de m\u00e9ridiens est encore en formation, j&rsquo;adapte le traitement par des gestes sp\u00e9cifiques au Shiatsu pour b\u00e9b\u00e9s et je le compl\u00e8te par des techniques issues du massage Newar pour b\u00e9b\u00e9s ou du Shonishin. Dans le Shonishin, les points d&rsquo;acupuncture, les m\u00e9ridiens et les familles de m\u00e9ridiens sont trait\u00e9s de mani\u00e8re tr\u00e8s douce \u00e0 l&rsquo;aide d&rsquo;un petit instrument. En r\u00e8gle g\u00e9n\u00e9rale, les traitements sont plut\u00f4t courts pour r\u00e9pondre au mieux aux besoins des b\u00e9b\u00e9s.<br \/>\nIl est \u00e9galement possible de montrer aux parents comment traiter eux-m\u00eames leur enfant par des points de pression ou de simples massages, par exemple en cas de coliques. La situation \u00e0 la maison se d\u00e9tend souvent consid\u00e9rablement gr\u00e2ce \u00e0 cette instruction des parents.<br \/>\nL&rsquo;entretien avec les parents et leur observation fournissent souvent \u00e0 la th\u00e9rapeute des informations importantes sur les causes possibles des troubles ou sur les raisons qui font que la situation est v\u00e9cue comme difficile. Le travail se fait avec les parents ou la m\u00e8re en compagnie de son b\u00e9b\u00e9. Au-del\u00e0 du dialogue et de l&rsquo;\u00e9coute, l&rsquo;accent est mis sur le d\u00e9veloppement d&rsquo;un lien familial solide. Accompagner toutes les personnes impliqu\u00e9es dans ce processus est un travail qui demande une grande sensibilit\u00e9 et de l&#8217;empathie.<\/p>\n<p><strong>Difficult\u00e9s d&rsquo;adaptation du b\u00e9b\u00e9 et de la m\u00e8re : un exemple<br \/>\n<\/strong>Je me souviens d&rsquo;une m\u00e8re qui, apr\u00e8s un accouchement difficile, ne se sentait physiquement pas bien, ne r\u00e9ussissait pas \u00e0 \u00e9tablir un lien avec son nouveau-n\u00e9 et \u00e9tait tr\u00e8s \u00e9puis\u00e9e. Lors du premier traitement, elle avait pos\u00e9 le b\u00e9b\u00e9 sur le futon, loin d&rsquo;elle. C&rsquo;\u00e9tait comme si l&rsquo;enfant n&rsquo;\u00e9tait pas pr\u00e9sent pour la m\u00e8re. Le traitement de la r\u00e9gion abdominale de la m\u00e8re au niveau des zones de la Rate et du C\u0153ur, et en particulier le traitement du m\u00e9ridien de la Rate au niveau des parties inf\u00e9rieures des jambes, constituaient l&rsquo;essentiel de la th\u00e9rapie. Les objectifs \u00e9taient de soutenir, chez la cliente, la connexion \u00e0 son propre centre, l&rsquo;ouverture du c\u0153ur \u00e0 son enfant et de faciliter le processus vers son nouveau r\u00f4le de m\u00e8re. Lors de la prochaine s\u00e9ance, je lui ai demand\u00e9 si je pouvais rapprocher sa fille de son corps, et lors de la s\u00e9ance suivante, je lui ai pos\u00e9 son b\u00e9b\u00e9 sur la poitrine et j&rsquo;ai continu\u00e9 \u00e0 traiter les m\u00e9ridiens du C\u0153ur et de la Rate. L&rsquo;important \u00e9tait d&rsquo;\u00e9tablir un lien entre l&rsquo;enfant et la m\u00e8re, je restais donc toujours en contact avec l&rsquo;enfant avec ma deuxi\u00e8me main pendant le traitement de la m\u00e8re. Gr\u00e2ce \u00e0 ce contact ext\u00e9rieur, en particulier lors du traitement du m\u00e9ridien de la Rate de la m\u00e8re, elles ont toutes deux pu se d\u00e9tendre et ressentir une grande satisfaction. Au cours des traitements suivants, j&rsquo;ai observ\u00e9 que le contact entre la m\u00e8re et l&rsquo;enfant se faisait beaucoup plus naturellement et de mani\u00e8re tout \u00e0 fait spontan\u00e9e. Au terme de la th\u00e9rapie, la m\u00e8re a dit que c&rsquo;\u00e9tait seulement maintenant qu&rsquo;elle pouvait dire qu&rsquo;elle aimait son enfant et qu&rsquo;un lien s&rsquo;\u00e9tait cr\u00e9\u00e9 entre eux.<\/p>\n<p><strong>Nourrir la m\u00e8re et l&rsquo;enfant<br \/>\n<\/strong>Un autre exemple \u00e9tait celui d&rsquo;une m\u00e8re qui avait du mal \u00e0 nourrir son enfant \u2013 elle n&rsquo;avait pas assez de lait et le b\u00e9b\u00e9 pleurait souvent. Elle ne supportait par ailleurs que peu de proximit\u00e9 physique avec son enfant. Elle paraissait nerveuse, parfois d\u00e9bord\u00e9e, impatiente et physiquement faible. Comme elle devait porter son enfant pendant plusieurs heures par jour pour le calmer, elle n&rsquo;avait plus la patience de r\u00e9pondre \u00e0 ses besoins en fin de journ\u00e9e.<br \/>\nLe traitement s&rsquo;est ensuite concentr\u00e9 chez la m\u00e8re sur les m\u00e9ridiens de la Terre, \u00e0 savoir Rate et Estomac, dans un but de recentrage, de renforcer son sentiment maternel, de lui permettre de ressentir son corps et de l&rsquo;encourager \u00e0 se nourrir et \u00e0 s&rsquo;accepter, mais aussi \u00e0 d\u00e9velopper de l&rsquo;amour pour elle et pour son enfant.<br \/>\nChez l&rsquo;enfant, le traitement de la famille de m\u00e9ridiens ant\u00e9rieurs (Poumons, Gros intestin, Estomac, Rate) \u00e9tait important. La th\u00e9rapie visait ici \u00e0 aider le b\u00e9b\u00e9 \u00e0 trouver son propre centre et \u00e0 d\u00e9velopper la confiance dans la vie et en sa m\u00e8re en tant que personne de r\u00e9f\u00e9rence.<br \/>\nLe dialogue avec la m\u00e8re \u00e9tait tr\u00e8s important. Elle avait perdu beaucoup d&rsquo;\u00e9nergie \u00e0 cause de la forte faim de son enfant et arrivait \u00e0 bout de force. Lors des entretiens, la femme a r\u00e9v\u00e9l\u00e9 qu&rsquo;elle avait souffert de troubles alimentaires par le pass\u00e9 et elle expliquait que la sensation physique apr\u00e8s l&rsquo;allaitement ressemblait aux crises de faiblesse qu&rsquo;elle avait connues aux pires moments de son anorexie.<br \/>\nQuand une personne souffre de troubles alimentaires, je cherche \u00e0 collaborer avec une nutritionniste vers laquelle j&rsquo;ai orient\u00e9 cette cliente. Gr\u00e2ce \u00e0 un programme alimentaire bien d\u00e9fini et r\u00e9gulier, la femme a retrouv\u00e9 sa force physique et l&rsquo;enfant a pu \u00eatre nourri de mani\u00e8re optimale. Tous deux ont ainsi pu se d\u00e9tendre et les pleurs de l&rsquo;enfant ont cess\u00e9. Le lien entre la m\u00e8re et l&rsquo;enfant a pu se d\u00e9velopper de mani\u00e8re saine et harmonieuse. Tout cela n&rsquo;a \u00e9t\u00e9 possible que lorsque la m\u00e8re avait r\u00e9ussi \u00e0 se d\u00e9tendre et \u00e0 \u00eatre nourrie elle-m\u00eame.<\/p>\n<p><strong>Accouchement difficile<br \/>\n<\/strong>Les incidents inattendus pendant le processus d&rsquo;accouchement sont aussi un th\u00e8me fr\u00e9quent de consultation en Shiatsu. Je me souviens d&rsquo;un cas tr\u00e8s touchant. Les parents m&rsquo;ont consult\u00e9e par l&rsquo;interm\u00e9diaire d&rsquo;une sage-femme que je connaissais. Le p\u00e8re \u00e9tait m\u00e9decin assistant. L&rsquo;accouchement avait \u00e9t\u00e9 particuli\u00e8rement traumatisant. Le jour de la naissance, le premier contact entre la m\u00e8re et le b\u00e9b\u00e9 n&rsquo;avait pas \u00e9t\u00e9 possible comme souhait\u00e9 en raison des circonstances. Le p\u00e8re, en d\u00e9pit de sa profession, se sentait impuissant face \u00e0 la situation.<br \/>\nLa s\u00e9ance de Shiatsu a eu lieu \u00e0 quatre : le p\u00e8re \u00e9tait assis en tailleur au bout du matelas, la t\u00eate de la m\u00e8re reposant sur ses jambes, et le nouveau-n\u00e9 \u00e9tait couch\u00e9 sur la poitrine de la m\u00e8re. Lors de ce traitement aussi, le contact entre le m\u00e9ridien de la Rate de la m\u00e8re et le nouveau-n\u00e9 \u00e9tait essentiel. Ensemble, les parents se sont souvenus du moment o\u00f9 leur enfant \u00e9tait n\u00e9, en imaginant ce qu&rsquo;aurait pu \u00eatre ce premier contact physique \u00e9troit, cette exp\u00e9rience commune avec le nouveau-n\u00e9. C\u2019\u00e9taient ces sentiments, issus de l&rsquo;imagination de la naissance souhait\u00e9e, qui nous ont guid\u00e9s dans le traitement de Shiatsu. Ainsi, ce qui n\u2019avait pas pu se produire dans la salle d&rsquo;accouchement pouvait \u00e9merger plus tard dans le Shiatsu. Le sentiment initial d&rsquo;impuissance a pu faire place \u00e0 de belles \u00e9motions, des moments touchants de joie, des larmes de bonheur et de gratitude.<\/p>\n<\/div><\/section>\n<section  class='av_textblock_section av-kzy0ljt6-1d4c44a0409fb22928ffbb59911fc204 '   itemscope=\"itemscope\" itemtype=\"https:\/\/schema.org\/BlogPosting\" itemprop=\"blogPost\" ><div class='avia_textblock'  itemprop=\"text\" ><p><strong>Plus d\u2019informations sur le sujet<\/strong><br \/>\n<a href=\"https:\/\/shiatsuverband.ch\/fr\/le-shiatsu-et-le-debut-de-la-vie\/\" target=\"_blank\" rel=\"noopener\">_ Shiatsu pendant la grossesse<\/a><br \/>\n<a href=\"https:\/\/shiatsuverband.ch\/fr\/shiatsu-et-desir-denfant-donner-de-lespace-et-du-temps\/\" target=\"_blank\" rel=\"noopener\">_ Shiatsu et d\u00e9sir d&rsquo;enfant<\/a><\/p>\n<\/div><\/section>\n<section  class='av_textblock_section av-kzy0pzxx-c1b6f9f1330911eb04fbcc746cc7d8c9 '   itemscope=\"itemscope\" itemtype=\"https:\/\/schema.org\/BlogPosting\" itemprop=\"blogPost\" ><div class='avia_textblock'  itemprop=\"text\" ><p><a href=\"https:\/\/shiatsuverband.ch\/fr\/association\/team\/sabine-bannwart\/\" target=\"_blank\" rel=\"noopener\">Sabine Bannwart<\/a> a suivi, en plus de sa formation de Shiatsu, une formation de formatrice en massage pour b\u00e9b\u00e9s ainsi que des formations continues en Shiatsu pour b\u00e9b\u00e9s et en Shonishin.<\/p>\n<\/div><\/section>\n","protected":false},"excerpt":{"rendered":"<p>La naissance d&rsquo;un enfant est source de joie, de bonheur et de changement. Les semaines et mois qui suivent la naissance peuvent toutefois \u00eatre \u00e9prouvants pour les parents et le nouveau-n\u00e9 : le manque de sommeil, les pleurs de l&rsquo;enfant, les coliques, la nouvelle situation de vie, mais aussi les changements hormonaux chez la m\u00e8re peuvent peser lourd dans la balance. Ce contexte peut entra\u00eener un certain \u00e9puisement et parfois m\u00eame de la tristesse ou un sentiment d&rsquo;impuissance. Sans compter que le b\u00e9b\u00e9 traverse de grandes \u00e9tapes de d\u00e9veloppement, qui ne se d\u00e9roulent pas toujours sans heurts.<\/p>\n","protected":false},"author":5,"featured_media":63420,"comment_status":"closed","ping_status":"closed","sticky":false,"template":"","format":"standard","meta":{"_acf_changed":false,"_monsterinsights_skip_tracking":false,"_monsterinsights_sitenote_active":false,"_monsterinsights_sitenote_note":"","_monsterinsights_sitenote_category":0,"footnotes":""},"categories":[20],"tags":[],"class_list":["post-63428","post","type-post","status-publish","format-standard","has-post-thumbnail","hentry","category-pratique"],"acf":[],"yoast_head":"<!-- This site is optimized with the Yoast SEO plugin v27.4 - https:\/\/yoast.com\/product\/yoast-seo-wordpress\/ -->\n<title>Le Shiatsu chez le nourrisson : \u00eatre l\u00e0 quand c&#039;est difficile - Shiatsu Gesellschaft Schweiz<\/title>\n<meta name=\"robots\" content=\"index, follow, max-snippet:-1, max-image-preview:large, max-video-preview:-1\" \/>\n<link rel=\"canonical\" href=\"https:\/\/shiatsuverband.ch\/fr\/le-shiatsu-pour-les-bebes\/\" \/>\n<meta property=\"og:locale\" content=\"fr_FR\" \/>\n<meta property=\"og:type\" content=\"article\" \/>\n<meta property=\"og:title\" content=\"Le Shiatsu chez le nourrisson : \u00eatre l\u00e0 quand c&#039;est difficile - Shiatsu Gesellschaft Schweiz\" \/>\n<meta property=\"og:description\" content=\"La naissance d&#039;un enfant est source de joie, de bonheur et de changement. Les semaines et mois qui suivent la naissance peuvent toutefois \u00eatre \u00e9prouvants pour les parents et le nouveau-n\u00e9 : le manque de sommeil, les pleurs de l&#039;enfant, les coliques, la nouvelle situation de vie, mais aussi les changements hormonaux chez la m\u00e8re peuvent peser lourd dans la balance. Ce contexte peut entra\u00eener un certain \u00e9puisement et parfois m\u00eame de la tristesse ou un sentiment d&#039;impuissance. Sans compter que le b\u00e9b\u00e9 traverse de grandes \u00e9tapes de d\u00e9veloppement, qui ne se d\u00e9roulent pas toujours sans heurts.\" \/>\n<meta property=\"og:url\" content=\"https:\/\/shiatsuverband.ch\/fr\/le-shiatsu-pour-les-bebes\/\" \/>\n<meta property=\"og:site_name\" content=\"Shiatsu Gesellschaft Schweiz\" \/>\n<meta property=\"article:publisher\" content=\"https:\/\/www.facebook.com\/shiatsugesellschaftschweiz\" \/>\n<meta property=\"article:published_time\" content=\"2022-02-22T11:25:52+00:00\" \/>\n<meta property=\"article:modified_time\" content=\"2022-04-19T12:06:46+00:00\" \/>\n<meta property=\"og:image\" content=\"https:\/\/shiatsuverband.ch\/wp-content\/uploads\/2022\/02\/Blog_Anpassungsstorung_Baby.jpg\" \/>\n\t<meta property=\"og:image:width\" content=\"1600\" \/>\n\t<meta property=\"og:image:height\" content=\"552\" \/>\n\t<meta property=\"og:image:type\" content=\"image\/jpeg\" \/>\n<meta name=\"author\" content=\"Therapeutenliste Manager\" \/>\n<meta name=\"twitter:card\" content=\"summary_large_image\" \/>\n<meta name=\"twitter:label1\" content=\"\u00c9crit par\" \/>\n\t<meta name=\"twitter:data1\" content=\"Therapeutenliste Manager\" \/>\n\t<meta name=\"twitter:label2\" content=\"Dur\u00e9e de lecture estim\u00e9e\" \/>\n\t<meta name=\"twitter:data2\" content=\"8 minutes\" \/>\n<script type=\"application\/ld+json\" class=\"yoast-schema-graph\">{\"@context\":\"https:\\\/\\\/schema.org\",\"@graph\":[{\"@type\":\"Article\",\"@id\":\"https:\\\/\\\/shiatsuverband.ch\\\/fr\\\/le-shiatsu-pour-les-bebes\\\/#article\",\"isPartOf\":{\"@id\":\"https:\\\/\\\/shiatsuverband.ch\\\/fr\\\/le-shiatsu-pour-les-bebes\\\/\"},\"author\":{\"name\":\"Therapeutenliste Manager\",\"@id\":\"https:\\\/\\\/shiatsuverband.ch\\\/fr\\\/#\\\/schema\\\/person\\\/ab3e3b203dc15a09f4da553818d7ffb9\"},\"headline\":\"Le Shiatsu chez le nourrisson : \u00eatre l\u00e0 quand c&rsquo;est difficile\",\"datePublished\":\"2022-02-22T11:25:52+00:00\",\"dateModified\":\"2022-04-19T12:06:46+00:00\",\"mainEntityOfPage\":{\"@id\":\"https:\\\/\\\/shiatsuverband.ch\\\/fr\\\/le-shiatsu-pour-les-bebes\\\/\"},\"wordCount\":1650,\"publisher\":{\"@id\":\"https:\\\/\\\/shiatsuverband.ch\\\/fr\\\/#organization\"},\"image\":{\"@id\":\"https:\\\/\\\/shiatsuverband.ch\\\/fr\\\/le-shiatsu-pour-les-bebes\\\/#primaryimage\"},\"thumbnailUrl\":\"https:\\\/\\\/shiatsuverband.ch\\\/wp-content\\\/uploads\\\/2022\\\/02\\\/Blog_Anpassungsstorung_Baby.jpg\",\"articleSection\":[\"Pratique\"],\"inLanguage\":\"fr-FR\"},{\"@type\":\"WebPage\",\"@id\":\"https:\\\/\\\/shiatsuverband.ch\\\/fr\\\/le-shiatsu-pour-les-bebes\\\/\",\"url\":\"https:\\\/\\\/shiatsuverband.ch\\\/fr\\\/le-shiatsu-pour-les-bebes\\\/\",\"name\":\"Le Shiatsu chez le nourrisson : \u00eatre l\u00e0 quand c'est difficile - Shiatsu Gesellschaft Schweiz\",\"isPartOf\":{\"@id\":\"https:\\\/\\\/shiatsuverband.ch\\\/fr\\\/#website\"},\"primaryImageOfPage\":{\"@id\":\"https:\\\/\\\/shiatsuverband.ch\\\/fr\\\/le-shiatsu-pour-les-bebes\\\/#primaryimage\"},\"image\":{\"@id\":\"https:\\\/\\\/shiatsuverband.ch\\\/fr\\\/le-shiatsu-pour-les-bebes\\\/#primaryimage\"},\"thumbnailUrl\":\"https:\\\/\\\/shiatsuverband.ch\\\/wp-content\\\/uploads\\\/2022\\\/02\\\/Blog_Anpassungsstorung_Baby.jpg\",\"datePublished\":\"2022-02-22T11:25:52+00:00\",\"dateModified\":\"2022-04-19T12:06:46+00:00\",\"breadcrumb\":{\"@id\":\"https:\\\/\\\/shiatsuverband.ch\\\/fr\\\/le-shiatsu-pour-les-bebes\\\/#breadcrumb\"},\"inLanguage\":\"fr-FR\",\"potentialAction\":[{\"@type\":\"ReadAction\",\"target\":[\"https:\\\/\\\/shiatsuverband.ch\\\/fr\\\/le-shiatsu-pour-les-bebes\\\/\"]}]},{\"@type\":\"ImageObject\",\"inLanguage\":\"fr-FR\",\"@id\":\"https:\\\/\\\/shiatsuverband.ch\\\/fr\\\/le-shiatsu-pour-les-bebes\\\/#primaryimage\",\"url\":\"https:\\\/\\\/shiatsuverband.ch\\\/wp-content\\\/uploads\\\/2022\\\/02\\\/Blog_Anpassungsstorung_Baby.jpg\",\"contentUrl\":\"https:\\\/\\\/shiatsuverband.ch\\\/wp-content\\\/uploads\\\/2022\\\/02\\\/Blog_Anpassungsstorung_Baby.jpg\",\"width\":1600,\"height\":552},{\"@type\":\"BreadcrumbList\",\"@id\":\"https:\\\/\\\/shiatsuverband.ch\\\/fr\\\/le-shiatsu-pour-les-bebes\\\/#breadcrumb\",\"itemListElement\":[{\"@type\":\"ListItem\",\"position\":1,\"name\":\"Startseite\",\"item\":\"https:\\\/\\\/shiatsuverband.ch\\\/fr\\\/le-shiatsu-une-methode-de-la-therapie-complementaire\\\/\"},{\"@type\":\"ListItem\",\"position\":2,\"name\":\"Le Shiatsu chez le nourrisson : \u00eatre l\u00e0 quand c&#8217;est difficile\"}]},{\"@type\":\"WebSite\",\"@id\":\"https:\\\/\\\/shiatsuverband.ch\\\/fr\\\/#website\",\"url\":\"https:\\\/\\\/shiatsuverband.ch\\\/fr\\\/\",\"name\":\"Shiatsu Gesellschaft Schweiz\",\"description\":\"Shiatsu, eine Methode der Komplement\u00e4rTherapie\",\"publisher\":{\"@id\":\"https:\\\/\\\/shiatsuverband.ch\\\/fr\\\/#organization\"},\"potentialAction\":[{\"@type\":\"SearchAction\",\"target\":{\"@type\":\"EntryPoint\",\"urlTemplate\":\"https:\\\/\\\/shiatsuverband.ch\\\/fr\\\/?s={search_term_string}\"},\"query-input\":{\"@type\":\"PropertyValueSpecification\",\"valueRequired\":true,\"valueName\":\"search_term_string\"}}],\"inLanguage\":\"fr-FR\"},{\"@type\":\"Organization\",\"@id\":\"https:\\\/\\\/shiatsuverband.ch\\\/fr\\\/#organization\",\"name\":\"Shiatsu Gesellschaft Schweiz\",\"url\":\"https:\\\/\\\/shiatsuverband.ch\\\/fr\\\/\",\"logo\":{\"@type\":\"ImageObject\",\"inLanguage\":\"fr-FR\",\"@id\":\"https:\\\/\\\/shiatsuverband.ch\\\/fr\\\/#\\\/schema\\\/logo\\\/image\\\/\",\"url\":\"https:\\\/\\\/shiatsuverband.ch\\\/wp-content\\\/uploads\\\/2019\\\/04\\\/Shiatsuverband_Logo.png\",\"contentUrl\":\"https:\\\/\\\/shiatsuverband.ch\\\/wp-content\\\/uploads\\\/2019\\\/04\\\/Shiatsuverband_Logo.png\",\"width\":387,\"height\":130,\"caption\":\"Shiatsu Gesellschaft Schweiz\"},\"image\":{\"@id\":\"https:\\\/\\\/shiatsuverband.ch\\\/fr\\\/#\\\/schema\\\/logo\\\/image\\\/\"},\"sameAs\":[\"https:\\\/\\\/www.facebook.com\\\/shiatsugesellschaftschweiz\"]},{\"@type\":\"Person\",\"@id\":\"https:\\\/\\\/shiatsuverband.ch\\\/fr\\\/#\\\/schema\\\/person\\\/ab3e3b203dc15a09f4da553818d7ffb9\",\"name\":\"Therapeutenliste Manager\",\"image\":{\"@type\":\"ImageObject\",\"inLanguage\":\"fr-FR\",\"@id\":\"https:\\\/\\\/secure.gravatar.com\\\/avatar\\\/975aecfee28b5835b25498f09a9da6996a78ec2eb640e20d82301415880d9599?s=96&d=mm&r=g\",\"url\":\"https:\\\/\\\/secure.gravatar.com\\\/avatar\\\/975aecfee28b5835b25498f09a9da6996a78ec2eb640e20d82301415880d9599?s=96&d=mm&r=g\",\"contentUrl\":\"https:\\\/\\\/secure.gravatar.com\\\/avatar\\\/975aecfee28b5835b25498f09a9da6996a78ec2eb640e20d82301415880d9599?s=96&d=mm&r=g\",\"caption\":\"Therapeutenliste Manager\"},\"url\":\"https:\\\/\\\/shiatsuverband.ch\\\/fr\\\/author\\\/gsshiatsuverband-ch\\\/\"}]}<\/script>\n<!-- \/ Yoast SEO plugin. -->","yoast_head_json":{"title":"Le Shiatsu chez le nourrisson : \u00eatre l\u00e0 quand c'est difficile - Shiatsu Gesellschaft Schweiz","robots":{"index":"index","follow":"follow","max-snippet":"max-snippet:-1","max-image-preview":"max-image-preview:large","max-video-preview":"max-video-preview:-1"},"canonical":"https:\/\/shiatsuverband.ch\/fr\/le-shiatsu-pour-les-bebes\/","og_locale":"fr_FR","og_type":"article","og_title":"Le Shiatsu chez le nourrisson : \u00eatre l\u00e0 quand c'est difficile - Shiatsu Gesellschaft Schweiz","og_description":"La naissance d'un enfant est source de joie, de bonheur et de changement. Les semaines et mois qui suivent la naissance peuvent toutefois \u00eatre \u00e9prouvants pour les parents et le nouveau-n\u00e9 : le manque de sommeil, les pleurs de l'enfant, les coliques, la nouvelle situation de vie, mais aussi les changements hormonaux chez la m\u00e8re peuvent peser lourd dans la balance. Ce contexte peut entra\u00eener un certain \u00e9puisement et parfois m\u00eame de la tristesse ou un sentiment d'impuissance. Sans compter que le b\u00e9b\u00e9 traverse de grandes \u00e9tapes de d\u00e9veloppement, qui ne se d\u00e9roulent pas toujours sans heurts.","og_url":"https:\/\/shiatsuverband.ch\/fr\/le-shiatsu-pour-les-bebes\/","og_site_name":"Shiatsu Gesellschaft Schweiz","article_publisher":"https:\/\/www.facebook.com\/shiatsugesellschaftschweiz","article_published_time":"2022-02-22T11:25:52+00:00","article_modified_time":"2022-04-19T12:06:46+00:00","og_image":[{"width":1600,"height":552,"url":"https:\/\/shiatsuverband.ch\/wp-content\/uploads\/2022\/02\/Blog_Anpassungsstorung_Baby.jpg","type":"image\/jpeg"}],"author":"Therapeutenliste Manager","twitter_card":"summary_large_image","twitter_misc":{"\u00c9crit par":"Therapeutenliste Manager","Dur\u00e9e de lecture estim\u00e9e":"8 minutes"},"schema":{"@context":"https:\/\/schema.org","@graph":[{"@type":"Article","@id":"https:\/\/shiatsuverband.ch\/fr\/le-shiatsu-pour-les-bebes\/#article","isPartOf":{"@id":"https:\/\/shiatsuverband.ch\/fr\/le-shiatsu-pour-les-bebes\/"},"author":{"name":"Therapeutenliste Manager","@id":"https:\/\/shiatsuverband.ch\/fr\/#\/schema\/person\/ab3e3b203dc15a09f4da553818d7ffb9"},"headline":"Le Shiatsu chez le nourrisson : \u00eatre l\u00e0 quand c&rsquo;est difficile","datePublished":"2022-02-22T11:25:52+00:00","dateModified":"2022-04-19T12:06:46+00:00","mainEntityOfPage":{"@id":"https:\/\/shiatsuverband.ch\/fr\/le-shiatsu-pour-les-bebes\/"},"wordCount":1650,"publisher":{"@id":"https:\/\/shiatsuverband.ch\/fr\/#organization"},"image":{"@id":"https:\/\/shiatsuverband.ch\/fr\/le-shiatsu-pour-les-bebes\/#primaryimage"},"thumbnailUrl":"https:\/\/shiatsuverband.ch\/wp-content\/uploads\/2022\/02\/Blog_Anpassungsstorung_Baby.jpg","articleSection":["Pratique"],"inLanguage":"fr-FR"},{"@type":"WebPage","@id":"https:\/\/shiatsuverband.ch\/fr\/le-shiatsu-pour-les-bebes\/","url":"https:\/\/shiatsuverband.ch\/fr\/le-shiatsu-pour-les-bebes\/","name":"Le Shiatsu chez le nourrisson : \u00eatre l\u00e0 quand c'est difficile - Shiatsu Gesellschaft Schweiz","isPartOf":{"@id":"https:\/\/shiatsuverband.ch\/fr\/#website"},"primaryImageOfPage":{"@id":"https:\/\/shiatsuverband.ch\/fr\/le-shiatsu-pour-les-bebes\/#primaryimage"},"image":{"@id":"https:\/\/shiatsuverband.ch\/fr\/le-shiatsu-pour-les-bebes\/#primaryimage"},"thumbnailUrl":"https:\/\/shiatsuverband.ch\/wp-content\/uploads\/2022\/02\/Blog_Anpassungsstorung_Baby.jpg","datePublished":"2022-02-22T11:25:52+00:00","dateModified":"2022-04-19T12:06:46+00:00","breadcrumb":{"@id":"https:\/\/shiatsuverband.ch\/fr\/le-shiatsu-pour-les-bebes\/#breadcrumb"},"inLanguage":"fr-FR","potentialAction":[{"@type":"ReadAction","target":["https:\/\/shiatsuverband.ch\/fr\/le-shiatsu-pour-les-bebes\/"]}]},{"@type":"ImageObject","inLanguage":"fr-FR","@id":"https:\/\/shiatsuverband.ch\/fr\/le-shiatsu-pour-les-bebes\/#primaryimage","url":"https:\/\/shiatsuverband.ch\/wp-content\/uploads\/2022\/02\/Blog_Anpassungsstorung_Baby.jpg","contentUrl":"https:\/\/shiatsuverband.ch\/wp-content\/uploads\/2022\/02\/Blog_Anpassungsstorung_Baby.jpg","width":1600,"height":552},{"@type":"BreadcrumbList","@id":"https:\/\/shiatsuverband.ch\/fr\/le-shiatsu-pour-les-bebes\/#breadcrumb","itemListElement":[{"@type":"ListItem","position":1,"name":"Startseite","item":"https:\/\/shiatsuverband.ch\/fr\/le-shiatsu-une-methode-de-la-therapie-complementaire\/"},{"@type":"ListItem","position":2,"name":"Le Shiatsu chez le nourrisson : \u00eatre l\u00e0 quand c&#8217;est difficile"}]},{"@type":"WebSite","@id":"https:\/\/shiatsuverband.ch\/fr\/#website","url":"https:\/\/shiatsuverband.ch\/fr\/","name":"Shiatsu Gesellschaft Schweiz","description":"Shiatsu, eine Methode der Komplement\u00e4rTherapie","publisher":{"@id":"https:\/\/shiatsuverband.ch\/fr\/#organization"},"potentialAction":[{"@type":"SearchAction","target":{"@type":"EntryPoint","urlTemplate":"https:\/\/shiatsuverband.ch\/fr\/?s={search_term_string}"},"query-input":{"@type":"PropertyValueSpecification","valueRequired":true,"valueName":"search_term_string"}}],"inLanguage":"fr-FR"},{"@type":"Organization","@id":"https:\/\/shiatsuverband.ch\/fr\/#organization","name":"Shiatsu Gesellschaft Schweiz","url":"https:\/\/shiatsuverband.ch\/fr\/","logo":{"@type":"ImageObject","inLanguage":"fr-FR","@id":"https:\/\/shiatsuverband.ch\/fr\/#\/schema\/logo\/image\/","url":"https:\/\/shiatsuverband.ch\/wp-content\/uploads\/2019\/04\/Shiatsuverband_Logo.png","contentUrl":"https:\/\/shiatsuverband.ch\/wp-content\/uploads\/2019\/04\/Shiatsuverband_Logo.png","width":387,"height":130,"caption":"Shiatsu Gesellschaft Schweiz"},"image":{"@id":"https:\/\/shiatsuverband.ch\/fr\/#\/schema\/logo\/image\/"},"sameAs":["https:\/\/www.facebook.com\/shiatsugesellschaftschweiz"]},{"@type":"Person","@id":"https:\/\/shiatsuverband.ch\/fr\/#\/schema\/person\/ab3e3b203dc15a09f4da553818d7ffb9","name":"Therapeutenliste Manager","image":{"@type":"ImageObject","inLanguage":"fr-FR","@id":"https:\/\/secure.gravatar.com\/avatar\/975aecfee28b5835b25498f09a9da6996a78ec2eb640e20d82301415880d9599?s=96&d=mm&r=g","url":"https:\/\/secure.gravatar.com\/avatar\/975aecfee28b5835b25498f09a9da6996a78ec2eb640e20d82301415880d9599?s=96&d=mm&r=g","contentUrl":"https:\/\/secure.gravatar.com\/avatar\/975aecfee28b5835b25498f09a9da6996a78ec2eb640e20d82301415880d9599?s=96&d=mm&r=g","caption":"Therapeutenliste Manager"},"url":"https:\/\/shiatsuverband.ch\/fr\/author\/gsshiatsuverband-ch\/"}]}},"_links":{"self":[{"href":"https:\/\/shiatsuverband.ch\/fr\/wp-json\/wp\/v2\/posts\/63428","targetHints":{"allow":["GET"]}}],"collection":[{"href":"https:\/\/shiatsuverband.ch\/fr\/wp-json\/wp\/v2\/posts"}],"about":[{"href":"https:\/\/shiatsuverband.ch\/fr\/wp-json\/wp\/v2\/types\/post"}],"author":[{"embeddable":true,"href":"https:\/\/shiatsuverband.ch\/fr\/wp-json\/wp\/v2\/users\/5"}],"replies":[{"embeddable":true,"href":"https:\/\/shiatsuverband.ch\/fr\/wp-json\/wp\/v2\/comments?post=63428"}],"version-history":[{"count":3,"href":"https:\/\/shiatsuverband.ch\/fr\/wp-json\/wp\/v2\/posts\/63428\/revisions"}],"predecessor-version":[{"id":63430,"href":"https:\/\/shiatsuverband.ch\/fr\/wp-json\/wp\/v2\/posts\/63428\/revisions\/63430"}],"wp:featuredmedia":[{"embeddable":true,"href":"https:\/\/shiatsuverband.ch\/fr\/wp-json\/wp\/v2\/media\/63420"}],"wp:attachment":[{"href":"https:\/\/shiatsuverband.ch\/fr\/wp-json\/wp\/v2\/media?parent=63428"}],"wp:term":[{"taxonomy":"category","embeddable":true,"href":"https:\/\/shiatsuverband.ch\/fr\/wp-json\/wp\/v2\/categories?post=63428"},{"taxonomy":"post_tag","embeddable":true,"href":"https:\/\/shiatsuverband.ch\/fr\/wp-json\/wp\/v2\/tags?post=63428"}],"curies":[{"name":"wp","href":"https:\/\/api.w.org\/{rel}","templated":true}]}}